{"id":157726,"date":"2024-08-19T14:36:42","date_gmt":"2024-08-19T20:36:42","guid":{"rendered":"https:\/\/nvnoticias.mx\/?p=157726"},"modified":"2024-08-19T14:36:44","modified_gmt":"2024-08-19T20:36:44","slug":"crea-sheinbaum-secretaria-de-las-mujeres","status":"publish","type":"post","link":"https:\/\/nvnoticias.mx\/index.php\/2024\/08\/19\/crea-sheinbaum-secretaria-de-las-mujeres\/","title":{"rendered":"Crea Sheinbaum &#8220;Secretar\u00eda de las Mujeres&#8221;"},"content":{"rendered":"\n<p>\u00a0Claudia Sheinbaum, presidenta electa de M\u00e9xico, nombr\u00f3 a la exlegisladora\u00a0<strong>Citlalli Hern\u00e1ndez Mora<\/strong>\u00a0como la pr\u00f3xima titular de la Secretar\u00eda de las Mujeres, antes conocido como el Instituto Nacional de las Mujeres.<\/p>\n\n\n\n<blockquote class=\"wp-block-quote is-layout-flow wp-block-quote-is-layout-flow\">\n<p>\u201cTom\u00e9 la decisi\u00f3n de hacer Secretar\u00eda el<strong>\u00a0Instituto Nacional de las Mujeres<\/strong>\u00a0y la titular de la Secretar\u00eda de las Mujeres es Citlalli Hern\u00e1ndez Mora\u201d, revel\u00f3 este lunes 19 de agosto.<\/p>\n<\/blockquote>\n\n\n\n<p>Frente a medios de comunicaci\u00f3n, Sheinbaum destac\u00f3 la labor de Hern\u00e1ndez Mora, a quien calific\u00f3 como una de las mujeres m\u00e1s j\u00f3venes dentro de su gabinete por tener 34 a\u00f1os, adem\u00e1s de que, dijo, ha<strong>&nbsp;sido activista feminista en distintos movimientos sociales.<\/strong><\/p>\n\n\n\n<p>Tras ser nombrada,\u00a0Citlalli Hern\u00e1ndez\u00a0le agradeci\u00f3 a Sheinbaum por el nuevo puesto y se comprometi\u00f3 a no dejar a ninguna mujer desamparada y que cuente con mejores condiciones de vida, con mayor igualdad y sin discriminaci\u00f3n.<\/p>\n\n\n\n<p>Fuente: <a href=\"https:\/\/www.elfinanciero.com.mx\/nacional\/2024\/08\/19\/sheinbaum-crea-secretaria-de-las-mujeres-designa-a-citlalli-hernandez-como-titular\/\" data-type=\"link\" data-id=\"https:\/\/www.elfinanciero.com.mx\/nacional\/2024\/08\/19\/sheinbaum-crea-secretaria-de-las-mujeres-designa-a-citlalli-hernandez-como-titular\/\">El Financiero<\/a><\/p>\n","protected":false},"excerpt":{"rendered":"<p>\u00a0Claudia Sheinbaum, presidenta electa de M\u00e9xico, nombr\u00f3 a la exlegisladora\u00a0Citlalli Hern\u00e1ndez Mora\u00a0como la pr\u00f3xima titular de la Secretar\u00eda de las Mujeres, antes conocido como el Instituto Nacional de las Mujeres. \u201cTom\u00e9 la decisi\u00f3n de hacer Secretar\u00eda el\u00a0Instituto Nacional de las Mujeres\u00a0y la titular de la Secretar\u00eda de las Mujeres es Citlalli Hern\u00e1ndez Mora\u201d, revel\u00f3 este [&hellip;]<\/p>\n","protected":false},"author":35,"featured_media":157727,"comment_status":"open","ping_status":"open","sticky":false,"template":"","format":"standard","meta":{"_monsterinsights_skip_tracking":false,"_monsterinsights_sitenote_active":false,"_monsterinsights_sitenote_note":"","_monsterinsights_sitenote_category":0,"footnotes":""},"categories":[157],"tags":[2801,162,30765],"class_list":["post-157726","post","type-post","status-publish","format-standard","has-post-thumbnail","hentry","category-nacional","tag-claudia-sheinbaum","tag-portada","tag-secretaria-de-las-mujeres","wp-image-borders"],"amp_enabled":true,"_links":{"self":[{"href":"https:\/\/nvnoticias.mx\/index.php\/wp-json\/wp\/v2\/posts\/157726","targetHints":{"allow":["GET"]}}],"collection":[{"href":"https:\/\/nvnoticias.mx\/index.php\/wp-json\/wp\/v2\/posts"}],"about":[{"href":"https:\/\/nvnoticias.mx\/index.php\/wp-json\/wp\/v2\/types\/post"}],"author":[{"embeddable":true,"href":"https:\/\/nvnoticias.mx\/index.php\/wp-json\/wp\/v2\/users\/35"}],"replies":[{"embeddable":true,"href":"https:\/\/nvnoticias.mx\/index.php\/wp-json\/wp\/v2\/comments?post=157726"}],"version-history":[{"count":1,"href":"https:\/\/nvnoticias.mx\/index.php\/wp-json\/wp\/v2\/posts\/157726\/revisions"}],"predecessor-version":[{"id":157729,"href":"https:\/\/nvnoticias.mx\/index.php\/wp-json\/wp\/v2\/posts\/157726\/revisions\/157729"}],"wp:featuredmedia":[{"embeddable":true,"href":"https:\/\/nvnoticias.mx\/index.php\/wp-json\/wp\/v2\/media\/157727"}],"wp:attachment":[{"href":"https:\/\/nvnoticias.mx\/index.php\/wp-json\/wp\/v2\/media?parent=157726"}],"wp:term":[{"taxonomy":"category","embeddable":true,"href":"https:\/\/nvnoticias.mx\/index.php\/wp-json\/wp\/v2\/categories?post=157726"},{"taxonomy":"post_tag","embeddable":true,"href":"https:\/\/nvnoticias.mx\/index.php\/wp-json\/wp\/v2\/tags?post=157726"}],"curies":[{"name":"wp","href":"https:\/\/api.w.org\/{rel}","templated":true}]}}