{"id":157720,"date":"2024-08-19T14:28:51","date_gmt":"2024-08-19T20:28:51","guid":{"rendered":"https:\/\/nvnoticias.mx\/?p=157720"},"modified":"2024-08-19T14:28:53","modified_gmt":"2024-08-19T20:28:53","slug":"reacciona-lilly-tellez-a-nombramiento-de-citlalli-hernandez-como-secretaria-de-las-mujeres","status":"publish","type":"post","link":"https:\/\/nvnoticias.mx\/index.php\/2024\/08\/19\/reacciona-lilly-tellez-a-nombramiento-de-citlalli-hernandez-como-secretaria-de-las-mujeres\/","title":{"rendered":"Reacciona Lilly T\u00e9llez a nombramiento de Citlalli Hern\u00e1ndez como secretaria de las Mujeres"},"content":{"rendered":"\n<p>Despu\u00e9s de que este lunes 19 de agosto la presidenta electa,\u00a0<strong>Claudia Sheinbaum<\/strong>, anunci\u00f3 que\u00a0<strong>Citlalli Hern\u00e1ndez Mora<\/strong>\u00a0encabezar\u00e1 la nueva\u00a0<strong>Secretar\u00eda de las Mujeres\u00a0<\/strong>durante su gobierno,\u00a0<strong>Lilly T\u00e9llez<\/strong> reaccion\u00f3 al nombramiento.<\/p>\n\n\n\n<blockquote class=\"wp-block-quote is-layout-flow wp-block-quote-is-layout-flow\">\n<p>\u201cY ahora, \u00bfa qui\u00e9n le pasar\u00e9 este cartel en la Secretar\u00eda de las Mujeres? A la ausente le dieron premio, volver\u00e1 a cobrar sin trabajar\u201d, escribi\u00f3 la senadora de Acci\u00f3n Nacional en redes sociales.<\/p>\n<\/blockquote>\n\n\n\n<p>La publicaci\u00f3n fue acompa\u00f1ada de una fotograf\u00eda en la que la panista sostiene un \u201ccartel de b\u00fasqueda\u201d de Hern\u00e1ndez Mora, y es que la panista ha exhibido en numerosas ocasiones a la morenista de \u201ccobrar sin trabajar\u201d por ausentarse en las actividades legislativas del Senado.<\/p>\n\n\n\n<blockquote class=\"wp-block-quote is-layout-flow wp-block-quote-is-layout-flow\">\n<p>\u201c\u00a1Qu\u00e9 tramposa es Citlalli Hern\u00e1ndez Mora! Vino a poner su dedito de asistencia para cobrar, pero no vino a trabajar a la sesi\u00f3n\u201d, acus\u00f3 la senadora en abril de este a\u00f1o.<\/p>\n<\/blockquote>\n\n\n\n<p>Fuente: <a href=\"https:\/\/www.eluniversal.com.mx\/nacion\/volvera-a-cobrar-sin-trabajar-lilly-tellez-reacciona-a-nombramiento-de-citlalli-hernandez-como-secretaria-de-las-mujeres\/\" data-type=\"link\" data-id=\"https:\/\/www.eluniversal.com.mx\/nacion\/volvera-a-cobrar-sin-trabajar-lilly-tellez-reacciona-a-nombramiento-de-citlalli-hernandez-como-secretaria-de-las-mujeres\/\">El Universal<\/a><\/p>\n","protected":false},"excerpt":{"rendered":"<p>Despu\u00e9s de que este lunes 19 de agosto la presidenta electa,\u00a0Claudia Sheinbaum, anunci\u00f3 que\u00a0Citlalli Hern\u00e1ndez Mora\u00a0encabezar\u00e1 la nueva\u00a0Secretar\u00eda de las Mujeres\u00a0durante su gobierno,\u00a0Lilly T\u00e9llez reaccion\u00f3 al nombramiento. \u201cY ahora, \u00bfa qui\u00e9n le pasar\u00e9 este cartel en la Secretar\u00eda de las Mujeres? A la ausente le dieron premio, volver\u00e1 a cobrar sin trabajar\u201d, escribi\u00f3 la senadora [&hellip;]<\/p>\n","protected":false},"author":35,"featured_media":157721,"comment_status":"open","ping_status":"open","sticky":false,"template":"","format":"standard","meta":{"_monsterinsights_skip_tracking":false,"_monsterinsights_sitenote_active":false,"_monsterinsights_sitenote_note":"","_monsterinsights_sitenote_category":0,"footnotes":""},"categories":[158],"tags":[19406,745],"class_list":["post-157720","post","type-post","status-publish","format-standard","has-post-thumbnail","hentry","category-politica","tag-citlalli-hernandez","tag-lilly-tellez","wp-image-borders"],"amp_enabled":true,"_links":{"self":[{"href":"https:\/\/nvnoticias.mx\/index.php\/wp-json\/wp\/v2\/posts\/157720","targetHints":{"allow":["GET"]}}],"collection":[{"href":"https:\/\/nvnoticias.mx\/index.php\/wp-json\/wp\/v2\/posts"}],"about":[{"href":"https:\/\/nvnoticias.mx\/index.php\/wp-json\/wp\/v2\/types\/post"}],"author":[{"embeddable":true,"href":"https:\/\/nvnoticias.mx\/index.php\/wp-json\/wp\/v2\/users\/35"}],"replies":[{"embeddable":true,"href":"https:\/\/nvnoticias.mx\/index.php\/wp-json\/wp\/v2\/comments?post=157720"}],"version-history":[{"count":1,"href":"https:\/\/nvnoticias.mx\/index.php\/wp-json\/wp\/v2\/posts\/157720\/revisions"}],"predecessor-version":[{"id":157722,"href":"https:\/\/nvnoticias.mx\/index.php\/wp-json\/wp\/v2\/posts\/157720\/revisions\/157722"}],"wp:featuredmedia":[{"embeddable":true,"href":"https:\/\/nvnoticias.mx\/index.php\/wp-json\/wp\/v2\/media\/157721"}],"wp:attachment":[{"href":"https:\/\/nvnoticias.mx\/index.php\/wp-json\/wp\/v2\/media?parent=157720"}],"wp:term":[{"taxonomy":"category","embeddable":true,"href":"https:\/\/nvnoticias.mx\/index.php\/wp-json\/wp\/v2\/categories?post=157720"},{"taxonomy":"post_tag","embeddable":true,"href":"https:\/\/nvnoticias.mx\/index.php\/wp-json\/wp\/v2\/tags?post=157720"}],"curies":[{"name":"wp","href":"https:\/\/api.w.org\/{rel}","templated":true}]}}