{"id":15764,"date":"2021-06-09T12:06:45","date_gmt":"2021-06-09T17:06:45","guid":{"rendered":"https:\/\/nvnoticias.mx\/?p=15764"},"modified":"2021-06-09T12:06:46","modified_gmt":"2021-06-09T17:06:46","slug":"ine-inicia-computo-distrital-para-obtener-el-resultado-oficial","status":"publish","type":"post","link":"https:\/\/nvnoticias.mx\/index.php\/2021\/06\/09\/ine-inicia-computo-distrital-para-obtener-el-resultado-oficial\/","title":{"rendered":"INE inicia c\u00f3mputo distrital para obtener el resultado oficial"},"content":{"rendered":"\n<p><strong>Jes\u00fas Utrilla \/ NV Noticias<\/strong><\/p>\n\n\n\n<p>Veracruz. \u2013 El Instituto Nacional Electoral comenz\u00f3 con el c\u00f3mputo distrital y cotejo de actas originales.<\/p>\n\n\n\n<p>Nelson Asaid Hern\u00e1ndez Rojas, consejero presidente del Consejo Distrital 12 del INE, record\u00f3 que se instalaron 608 casillas y luego de la sesi\u00f3n de c\u00f3mputo se tendr\u00e1n los resultados oficiales de la elecci\u00f3n de diputado federal.<\/p>\n\n\n\n<p>De igual manera se van a recontar algunos paquetes electorales para dar certeza en el resultado, ya que tienen causales establecidas en la ley.<\/p>\n\n\n\n<p><strong>Se espera que el c\u00f3mputo distrital concluya el jueves, a partir de ah\u00ed las representaciones de los partidos pol\u00edticos tendr\u00e1n cuatro d\u00edas para impugnar el resultado.<\/strong><\/p>\n\n\n\n<p>Esto es que podr\u00e1n acudir al Tribunal Electoral del Poder Judicial de la Federaci\u00f3n.<\/p>\n\n\n\n<blockquote class=\"wp-block-quote is-layout-flow wp-block-quote-is-layout-flow\"><p>\u201cYa el Tribunal Electoral del Poder Judicial de la Federaci\u00f3n har\u00eda el an\u00e1lisis correspondiente de conformidad con el medio impugnativo respectivo\u201d.<\/p><\/blockquote>\n\n\n\n<p>El tribunal solicitar\u00e1 la informaci\u00f3n correspondiente al INE, quien rendir\u00e1 el informe circunstanciado y ser\u00e1 la Sala Regional del Tribunal Electoral la que determine el resultado final.<\/p>\n","protected":false},"excerpt":{"rendered":"<p>Jes\u00fas Utrilla \/ NV Noticias Veracruz. \u2013 El Instituto Nacional Electoral comenz\u00f3 con el c\u00f3mputo distrital y cotejo de actas originales. Nelson Asaid Hern\u00e1ndez Rojas, consejero presidente del Consejo Distrital 12 del INE, record\u00f3 que se instalaron 608 casillas y luego de la sesi\u00f3n de c\u00f3mputo se tendr\u00e1n los resultados oficiales de la elecci\u00f3n de [&hellip;]<\/p>\n","protected":false},"author":6,"featured_media":15765,"comment_status":"open","ping_status":"open","sticky":false,"template":"","format":"standard","meta":{"_monsterinsights_skip_tracking":false,"_monsterinsights_sitenote_active":false,"_monsterinsights_sitenote_note":"","_monsterinsights_sitenote_category":0,"footnotes":""},"categories":[154],"tags":[4316,443,162,180],"class_list":["post-15764","post","type-post","status-publish","format-standard","has-post-thumbnail","hentry","category-veracruz","tag-computo-distrital","tag-ine","tag-portada","tag-veracruz","wp-image-borders"],"amp_enabled":true,"_links":{"self":[{"href":"https:\/\/nvnoticias.mx\/index.php\/wp-json\/wp\/v2\/posts\/15764","targetHints":{"allow":["GET"]}}],"collection":[{"href":"https:\/\/nvnoticias.mx\/index.php\/wp-json\/wp\/v2\/posts"}],"about":[{"href":"https:\/\/nvnoticias.mx\/index.php\/wp-json\/wp\/v2\/types\/post"}],"author":[{"embeddable":true,"href":"https:\/\/nvnoticias.mx\/index.php\/wp-json\/wp\/v2\/users\/6"}],"replies":[{"embeddable":true,"href":"https:\/\/nvnoticias.mx\/index.php\/wp-json\/wp\/v2\/comments?post=15764"}],"version-history":[{"count":1,"href":"https:\/\/nvnoticias.mx\/index.php\/wp-json\/wp\/v2\/posts\/15764\/revisions"}],"predecessor-version":[{"id":15766,"href":"https:\/\/nvnoticias.mx\/index.php\/wp-json\/wp\/v2\/posts\/15764\/revisions\/15766"}],"wp:featuredmedia":[{"embeddable":true,"href":"https:\/\/nvnoticias.mx\/index.php\/wp-json\/wp\/v2\/media\/15765"}],"wp:attachment":[{"href":"https:\/\/nvnoticias.mx\/index.php\/wp-json\/wp\/v2\/media?parent=15764"}],"wp:term":[{"taxonomy":"category","embeddable":true,"href":"https:\/\/nvnoticias.mx\/index.php\/wp-json\/wp\/v2\/categories?post=15764"},{"taxonomy":"post_tag","embeddable":true,"href":"https:\/\/nvnoticias.mx\/index.php\/wp-json\/wp\/v2\/tags?post=15764"}],"curies":[{"name":"wp","href":"https:\/\/api.w.org\/{rel}","templated":true}]}}