{"id":1576,"date":"2021-01-18T16:12:56","date_gmt":"2021-01-18T22:12:56","guid":{"rendered":"https:\/\/nvnoticias.mx\/?p=1576"},"modified":"2021-01-18T16:13:09","modified_gmt":"2021-01-18T22:13:09","slug":"incrementan-cremaciones-por-covid-en-veracruz","status":"publish","type":"post","link":"https:\/\/nvnoticias.mx\/index.php\/2021\/01\/18\/incrementan-cremaciones-por-covid-en-veracruz\/","title":{"rendered":"Incrementan cremaciones por covid en Veracruz"},"content":{"rendered":"\n<p>El representante legal del Crematorio La Luz ubicado en el municipio de Veracruz, Alfredo S\u00e1nchez L\u00f3pez, confirm\u00f3 que se ha presentado un repunte en los servicios de cremaci\u00f3n en este mes de enero, ya que durante este fin de semana contabilizaron <strong>20 incineraciones<\/strong>.<\/p>\n\n\n\n<blockquote class=\"wp-block-quote is-layout-flow wp-block-quote-is-layout-flow\"><p>\u201cDesafortunadamente s\u00ed, hay un incremento. Estamos preparados porque si hay un incremento, no nos estamos saturando, pero s\u00ed ya estamos preparados para controlar esta situaci\u00f3n, en caso de que empiecen a demandar m\u00e1s los servicios funerarios, en este caso la cremaci\u00f3n\u201d, se\u00f1al\u00f3 S\u00e1nchez L\u00f3pez.<\/p><\/blockquote>\n\n\n\n<p>Afirm\u00f3 que est\u00e1n siendo previsores para que en caso de que venga un repunte mayor, le repondan a la sociedad por lo que todo el personal se encuentra operando las 24 horas.<\/p>\n\n\n\n<blockquote class=\"wp-block-quote is-layout-flow wp-block-quote-is-layout-flow\"><p>\u201cEstamos muy atentos a esta situaci\u00f3n porque m\u00e1s all\u00e1 del tema comercial, es un tema de humanidad, donde de alguna manera tenemos tambi\u00e9n que sumarnos a esta l\u00ednea de combate as\u00ed como los hospitales, los sanatorios, los doctores, bueno pues tambi\u00e9n en este caso el servicio de cremaci\u00f3n tiene que hacer su trabajo, es el momento de combatir esta pandemia\u201d.<\/p><\/blockquote>\n\n\n\n<p>Por \u00faltimo recomend\u00f3 a la poblaci\u00f3n no bajar la guardia, seguir utilizando el cubrebocas y mantener la sana distancia.<\/p>\n","protected":false},"excerpt":{"rendered":"<p>El representante legal del Crematorio La Luz ubicado en el municipio de Veracruz, Alfredo S\u00e1nchez L\u00f3pez, confirm\u00f3 que se ha presentado un repunte en los servicios de cremaci\u00f3n en este mes de enero, ya que durante este fin de semana contabilizaron 20 incineraciones. \u201cDesafortunadamente s\u00ed, hay un incremento. Estamos preparados porque si hay un incremento, [&hellip;]<\/p>\n","protected":false},"author":6,"featured_media":1577,"comment_status":"open","ping_status":"open","sticky":false,"template":"","format":"standard","meta":{"_monsterinsights_skip_tracking":false,"_monsterinsights_sitenote_active":false,"_monsterinsights_sitenote_note":"","_monsterinsights_sitenote_category":0,"footnotes":""},"categories":[154],"tags":[175,520,162],"class_list":["post-1576","post","type-post","status-publish","format-standard","has-post-thumbnail","hentry","category-veracruz","tag-covid-19","tag-cremacion","tag-portada","wp-image-borders"],"amp_enabled":true,"_links":{"self":[{"href":"https:\/\/nvnoticias.mx\/index.php\/wp-json\/wp\/v2\/posts\/1576","targetHints":{"allow":["GET"]}}],"collection":[{"href":"https:\/\/nvnoticias.mx\/index.php\/wp-json\/wp\/v2\/posts"}],"about":[{"href":"https:\/\/nvnoticias.mx\/index.php\/wp-json\/wp\/v2\/types\/post"}],"author":[{"embeddable":true,"href":"https:\/\/nvnoticias.mx\/index.php\/wp-json\/wp\/v2\/users\/6"}],"replies":[{"embeddable":true,"href":"https:\/\/nvnoticias.mx\/index.php\/wp-json\/wp\/v2\/comments?post=1576"}],"version-history":[{"count":2,"href":"https:\/\/nvnoticias.mx\/index.php\/wp-json\/wp\/v2\/posts\/1576\/revisions"}],"predecessor-version":[{"id":1580,"href":"https:\/\/nvnoticias.mx\/index.php\/wp-json\/wp\/v2\/posts\/1576\/revisions\/1580"}],"wp:featuredmedia":[{"embeddable":true,"href":"https:\/\/nvnoticias.mx\/index.php\/wp-json\/wp\/v2\/media\/1577"}],"wp:attachment":[{"href":"https:\/\/nvnoticias.mx\/index.php\/wp-json\/wp\/v2\/media?parent=1576"}],"wp:term":[{"taxonomy":"category","embeddable":true,"href":"https:\/\/nvnoticias.mx\/index.php\/wp-json\/wp\/v2\/categories?post=1576"},{"taxonomy":"post_tag","embeddable":true,"href":"https:\/\/nvnoticias.mx\/index.php\/wp-json\/wp\/v2\/tags?post=1576"}],"curies":[{"name":"wp","href":"https:\/\/api.w.org\/{rel}","templated":true}]}}