{"id":157544,"date":"2024-08-16T16:15:17","date_gmt":"2024-08-16T22:15:17","guid":{"rendered":"https:\/\/nvnoticias.mx\/?p=157544"},"modified":"2024-08-16T16:15:19","modified_gmt":"2024-08-16T22:15:19","slug":"dictamen-de-reforma-judicial-tiene-100-cambios","status":"publish","type":"post","link":"https:\/\/nvnoticias.mx\/index.php\/2024\/08\/16\/dictamen-de-reforma-judicial-tiene-100-cambios\/","title":{"rendered":"Dictamen de Reforma Judicial tiene 100 cambios"},"content":{"rendered":"\n<p>El dictamen de la\u00a0<strong>reforma al Poder Judicial<\/strong>\u00a0contiene m\u00e1s de 100 cambios, con respecto a la iniciativa que entreg\u00f3 a la<strong>\u00a0C\u00e1mara de Diputados<\/strong>\u00a0el presidente\u00a0<strong>Andr\u00e9s Manuel L\u00f3pez Obrador\u00a0<\/strong>el pasado 5 de febrero.<\/p>\n\n\n\n<p>Entre las modificaciones que se le realizaron se encuentra la inclusi\u00f3n de la insaculaci\u00f3n, o la llamada t\u00f3mbola, para elegir a los candidatos cuando exceda el n\u00famero de participantes para un cargo, explic\u00f3 en conferencia de prensa el diputado<strong>\u00a0Ignacio Mier<\/strong>, coordinador de\u00a0<strong>Morena<\/strong>\u00a0en<strong>\u00a0San L\u00e1zaro.<\/strong><\/p>\n\n\n\n<blockquote class=\"wp-block-quote is-layout-flow wp-block-quote-is-layout-flow\">\n<p>\u201cSe garantiza que quienes sean postulados y hayan llegado a la parte final, despu\u00e9s de esta evaluaci\u00f3n, y excedan el n\u00famero de personas que van a ser postuladas por cada poder, sean insaculados garantizando la paridad e iniciando siempre por darle el primer espacio a mujeres\u201d, dijo.<\/p>\n<\/blockquote>\n\n\n\n<p>A\u00f1adi\u00f3 que la elecci\u00f3n de ministros, magistrados y jueces ser\u00e1 gradual: \u201cVa a ser por escalonamiento. Ahora habr\u00e1 una elecci\u00f3n extraordinaria para el 2025, habr\u00e1 otra elecci\u00f3n ya ordinaria concurrente con la elecci\u00f3n federal en el 2027; se determinar\u00e1 en estas dos elecciones extraordinarias cu\u00e1les son y de qu\u00e9 manera se va a realizar el proceso electoral\u201d.<\/p>\n\n\n\n<p>En la primera elecci\u00f3n que proyecta realizar el pr\u00f3ximo a\u00f1o, se elegir\u00e1 la totalidad de los ministros de la<strong>\u00a0Suprema Corte de Justicia de la Naci\u00f3n\u00a0<\/strong>(SCJN), y el 50% de magistrados y todas las vacantes, cesant\u00edas para retiros, prejubilaciones de jueces, que ser\u00e1 determinado a trav\u00e9s de un informe que emita el Consejo de la Judicatura Federal (CJF) al Senado de la Rep\u00fablica, para establecer el n\u00famero exacto de los cargos que ser\u00e1n postulados.<\/p>\n\n\n\n<p>Fuente: <a href=\"https:\/\/www.eluniversal.com.mx\/nacion\/reforma-judicial-dictamen-contiene-mas-de-100-cambios-a-como-la-entrego-amlo\/\" data-type=\"link\" data-id=\"https:\/\/www.eluniversal.com.mx\/nacion\/reforma-judicial-dictamen-contiene-mas-de-100-cambios-a-como-la-entrego-amlo\/\">El Universal<\/a><\/p>\n","protected":false},"excerpt":{"rendered":"<p>El dictamen de la\u00a0reforma al Poder Judicial\u00a0contiene m\u00e1s de 100 cambios, con respecto a la iniciativa que entreg\u00f3 a la\u00a0C\u00e1mara de Diputados\u00a0el presidente\u00a0Andr\u00e9s Manuel L\u00f3pez Obrador\u00a0el pasado 5 de febrero. Entre las modificaciones que se le realizaron se encuentra la inclusi\u00f3n de la insaculaci\u00f3n, o la llamada t\u00f3mbola, para elegir a los candidatos cuando exceda [&hellip;]<\/p>\n","protected":false},"author":35,"featured_media":157545,"comment_status":"open","ping_status":"open","sticky":false,"template":"","format":"standard","meta":{"_monsterinsights_skip_tracking":false,"_monsterinsights_sitenote_active":false,"_monsterinsights_sitenote_note":"","_monsterinsights_sitenote_category":0,"footnotes":""},"categories":[158],"tags":[162,30269],"class_list":["post-157544","post","type-post","status-publish","format-standard","has-post-thumbnail","hentry","category-politica","tag-portada","tag-reforma-judicial","wp-image-borders"],"amp_enabled":true,"_links":{"self":[{"href":"https:\/\/nvnoticias.mx\/index.php\/wp-json\/wp\/v2\/posts\/157544","targetHints":{"allow":["GET"]}}],"collection":[{"href":"https:\/\/nvnoticias.mx\/index.php\/wp-json\/wp\/v2\/posts"}],"about":[{"href":"https:\/\/nvnoticias.mx\/index.php\/wp-json\/wp\/v2\/types\/post"}],"author":[{"embeddable":true,"href":"https:\/\/nvnoticias.mx\/index.php\/wp-json\/wp\/v2\/users\/35"}],"replies":[{"embeddable":true,"href":"https:\/\/nvnoticias.mx\/index.php\/wp-json\/wp\/v2\/comments?post=157544"}],"version-history":[{"count":1,"href":"https:\/\/nvnoticias.mx\/index.php\/wp-json\/wp\/v2\/posts\/157544\/revisions"}],"predecessor-version":[{"id":157546,"href":"https:\/\/nvnoticias.mx\/index.php\/wp-json\/wp\/v2\/posts\/157544\/revisions\/157546"}],"wp:featuredmedia":[{"embeddable":true,"href":"https:\/\/nvnoticias.mx\/index.php\/wp-json\/wp\/v2\/media\/157545"}],"wp:attachment":[{"href":"https:\/\/nvnoticias.mx\/index.php\/wp-json\/wp\/v2\/media?parent=157544"}],"wp:term":[{"taxonomy":"category","embeddable":true,"href":"https:\/\/nvnoticias.mx\/index.php\/wp-json\/wp\/v2\/categories?post=157544"},{"taxonomy":"post_tag","embeddable":true,"href":"https:\/\/nvnoticias.mx\/index.php\/wp-json\/wp\/v2\/tags?post=157544"}],"curies":[{"name":"wp","href":"https:\/\/api.w.org\/{rel}","templated":true}]}}