{"id":157542,"date":"2024-08-16T16:07:03","date_gmt":"2024-08-16T22:07:03","guid":{"rendered":"https:\/\/nvnoticias.mx\/?p=157542"},"modified":"2024-08-16T16:07:04","modified_gmt":"2024-08-16T22:07:04","slug":"devolvio-estados-unidos-a-92-mil-migrantes-a-sus-paises-tras-orden-de-biden-que-endurecio-el-asilo","status":"publish","type":"post","link":"https:\/\/nvnoticias.mx\/index.php\/2024\/08\/16\/devolvio-estados-unidos-a-92-mil-migrantes-a-sus-paises-tras-orden-de-biden-que-endurecio-el-asilo\/","title":{"rendered":"Devolvi\u00f3 Estados Unidos a 92 mil migrantes a sus pa\u00edses tras orden de Biden que endureci\u00f3 el asilo"},"content":{"rendered":"\n<p>Estados Unidos ha\u00a0<strong>devuelto\u00a0<\/strong>a m\u00e1s de\u00a0<strong>92 mil personas\u00a0<\/strong>a m\u00e1s de 130 pa\u00edses desde que el pasado 4 de junio el presidente\u00a0<strong>Joe Biden\u00a0<\/strong>proclam\u00f3 una medida ejecutiva que restringe de manera dr\u00e1stica las\u00a0<strong>solicitudes de asilo\u00a0<\/strong>en la\u00a0<strong>frontera con M\u00e9xico<\/strong>.<\/p>\n\n\n\n<p>Esa medida influy\u00f3 adem\u00e1s en la disminuci\u00f3n del 32% de las&nbsp;<strong>detenciones de migrantes<\/strong>&nbsp;en esa frontera en julio, con respecto a junio pasado, subray\u00f3 la Oficina de Aduanas y Protecci\u00f3n Fronteriza (<strong>CBP<\/strong>, en ingl\u00e9s) en un comunicado.<\/p>\n\n\n\n<p>La reducci\u00f3n representa la menor cifra mensual desde septiembre de 2020, detall\u00f3.<\/p>\n\n\n\n<p>Seg\u00fan la CBP, debido a las nuevas directrices migratorias hubo &#8220;un aumento significativo en el n\u00famero de&nbsp;<strong>migrantes expulsados<\/strong>&nbsp;y devueltos a sus pa\u00edses de origen y una disminuci\u00f3n en el n\u00famero de personas liberadas (en EU) en espera de sus procedimientos de expulsi\u00f3n&#8221;.<\/p>\n\n\n\n<p>La orden de Biden ha permitido a las autoridades estadounidenses deportar a quienes no superen unos\u00a0<strong>estrictos est\u00e1ndares de asilo<\/strong>\u00a0cuando se supere la cifra de 2 mil 500 detenciones diarias en la frontera durante un promedio de siete d\u00edas.<\/p>\n\n\n\n<p>La CBP detall\u00f3 hoy que a partir del 5 de junio, el Departamento de Seguridad Nacional (DHS, en ingl\u00e9s) de Estados Unidos expuls\u00f3 o devolvi\u00f3 a m\u00e1s de 92 mil personas, incluso mediante la operaci\u00f3n de m\u00e1s de 300&nbsp;<strong>vuelos de repatriaci\u00f3n<\/strong>&nbsp;internacionales.<\/p>\n\n\n\n<p>El Gobierno record\u00f3 que &#8220;las personas y familias que no tienen una base legal para permanecer en los Estados Unidos est\u00e1n sujetas a&nbsp;<strong>deportaci\u00f3n<\/strong>&#8220;.<\/p>\n\n\n\n<p>Las detenciones de julio en los puertos de entrada tambi\u00e9n fueron m\u00e1s bajas que en ese mismo mes de 2019, y m\u00e1s bajas que el promedio mensual de todo ese a\u00f1o, el \u00faltimo comparable antes de la pandemia.<\/p>\n\n\n\n<p>Fuente: <a href=\"https:\/\/www.eluniversal.com.mx\/mundo\/estados-unidos-devolvio-a-92-mil-migrantes-a-sus-paises-tras-orden-de-biden-que-endurecio-el-asilo\/\" data-type=\"link\" data-id=\"https:\/\/www.eluniversal.com.mx\/mundo\/estados-unidos-devolvio-a-92-mil-migrantes-a-sus-paises-tras-orden-de-biden-que-endurecio-el-asilo\/\">El Universal<\/a><\/p>\n","protected":false},"excerpt":{"rendered":"<p>Estados Unidos ha\u00a0devuelto\u00a0a m\u00e1s de\u00a092 mil personas\u00a0a m\u00e1s de 130 pa\u00edses desde que el pasado 4 de junio el presidente\u00a0Joe Biden\u00a0proclam\u00f3 una medida ejecutiva que restringe de manera dr\u00e1stica las\u00a0solicitudes de asilo\u00a0en la\u00a0frontera con M\u00e9xico. Esa medida influy\u00f3 adem\u00e1s en la disminuci\u00f3n del 32% de las&nbsp;detenciones de migrantes&nbsp;en esa frontera en julio, con respecto a [&hellip;]<\/p>\n","protected":false},"author":35,"featured_media":108051,"comment_status":"open","ping_status":"open","sticky":false,"template":"","format":"standard","meta":{"_monsterinsights_skip_tracking":false,"_monsterinsights_sitenote_active":false,"_monsterinsights_sitenote_note":"","_monsterinsights_sitenote_category":0,"footnotes":""},"categories":[181],"tags":[183,452,162],"class_list":["post-157542","post","type-post","status-publish","format-standard","has-post-thumbnail","hentry","category-internacional","tag-estados-unidos","tag-migrantes","tag-portada","wp-image-borders"],"amp_enabled":true,"_links":{"self":[{"href":"https:\/\/nvnoticias.mx\/index.php\/wp-json\/wp\/v2\/posts\/157542","targetHints":{"allow":["GET"]}}],"collection":[{"href":"https:\/\/nvnoticias.mx\/index.php\/wp-json\/wp\/v2\/posts"}],"about":[{"href":"https:\/\/nvnoticias.mx\/index.php\/wp-json\/wp\/v2\/types\/post"}],"author":[{"embeddable":true,"href":"https:\/\/nvnoticias.mx\/index.php\/wp-json\/wp\/v2\/users\/35"}],"replies":[{"embeddable":true,"href":"https:\/\/nvnoticias.mx\/index.php\/wp-json\/wp\/v2\/comments?post=157542"}],"version-history":[{"count":1,"href":"https:\/\/nvnoticias.mx\/index.php\/wp-json\/wp\/v2\/posts\/157542\/revisions"}],"predecessor-version":[{"id":157543,"href":"https:\/\/nvnoticias.mx\/index.php\/wp-json\/wp\/v2\/posts\/157542\/revisions\/157543"}],"wp:featuredmedia":[{"embeddable":true,"href":"https:\/\/nvnoticias.mx\/index.php\/wp-json\/wp\/v2\/media\/108051"}],"wp:attachment":[{"href":"https:\/\/nvnoticias.mx\/index.php\/wp-json\/wp\/v2\/media?parent=157542"}],"wp:term":[{"taxonomy":"category","embeddable":true,"href":"https:\/\/nvnoticias.mx\/index.php\/wp-json\/wp\/v2\/categories?post=157542"},{"taxonomy":"post_tag","embeddable":true,"href":"https:\/\/nvnoticias.mx\/index.php\/wp-json\/wp\/v2\/tags?post=157542"}],"curies":[{"name":"wp","href":"https:\/\/api.w.org\/{rel}","templated":true}]}}