{"id":157523,"date":"2024-08-16T13:36:14","date_gmt":"2024-08-16T19:36:14","guid":{"rendered":"https:\/\/nvnoticias.mx\/?p=157523"},"modified":"2024-08-16T13:36:15","modified_gmt":"2024-08-16T19:36:15","slug":"sera-katy-perry-galardonada-con-el-premio-video-vanguard-en-la-gala-mtv","status":"publish","type":"post","link":"https:\/\/nvnoticias.mx\/index.php\/2024\/08\/16\/sera-katy-perry-galardonada-con-el-premio-video-vanguard-en-la-gala-mtv\/","title":{"rendered":"Ser\u00e1 Katy Perry galardonada con el premio &#8216;Video Vanguard&#8217; en la gala MTV"},"content":{"rendered":"\n<p>La cantante estadounidense Katy Perry recibir\u00e1 el Premio &#8216;Video Vanguard&#8217;, un reconocimiento a su trayectoria art\u00edstica, en la gala de los premios MTV a los V\u00eddeos Musicales 2024 que se celebrar\u00e1 en el UBS Arena de Nueva York el pr\u00f3ximo 11 de septiembre, en la que tambi\u00e9n actuar\u00e1.<\/p>\n\n\n\n<p>Seg\u00fan ha anunciado la organizaci\u00f3n, la ganadora de cinco premios MTV regresa a esta gala, en la que debut\u00f3 en 2007, tras su actuaci\u00f3n en 2017, cuando tambi\u00e9n fue su presentadora. Adem\u00e1s, en 2011 la cantante triunf\u00f3 en tres categor\u00edas, entre ellas Mejor Colaboraci\u00f3n y V\u00eddeo del a\u00f1o.<\/p>\n\n\n\n<p>Katy Perry, que interpretar\u00e1 en la gala varios de sus grandes \u00e9xitos, ha llegado a acumular 115.000 millones de reproducciones de sus canciones y m\u00e1s de 27.000 millones de visualizaciones en las distintas plataformas, y cuenta con m\u00e1s de 70 millones de \u00e1lbumes vendidos en todo el mundo.<\/p>\n\n\n\n<p>La cantante present\u00f3 el 8 de agosto su nuevo sencillo &#8216;Lifetimes&#8217;, que pertenece a su nuevo \u00e1lbum, &#8216;143&#8217;, que saldr\u00e1 a la venta el 20 de septiembre editado por Capital Records.<\/p>\n\n\n\n<p>Precisamente, la grabaci\u00f3n del v\u00eddeo de &#8216;Lifetimes&#8217; ha provocado la apertura de una investigaci\u00f3n en Espa\u00f1a para determinar si hubo impacto ambiental durante el rodaje en las dunas protegidas del islote de s\u2019Espalmador, en Formentera, en Baleares.<\/p>\n\n\n\n<p>El sello discogr\u00e1fico de Katy Perry, Capitol Records, ha defendido que la productora local encargada de filmar el \u00faltimo videoclip de la cantante &#8216;Lifetimes&#8217; recibi\u00f3 una \u201caprobaci\u00f3n verbal\u201d para rodar.<\/p>\n\n\n\n<p>En el v\u00eddeo, la estrella estadounidense aparece bailando y saltando en distintos emplazamientos, uno de ellos el interior del sistema dunar de s\u2019Espalmador, dentro de una zona delimitada por palos y cuerdas que indican que est\u00e1 prohibido el paso, en la que tambi\u00e9n habr\u00eda estado todo su equipo de grabaci\u00f3n.<\/p>\n\n\n\n<p>La administraci\u00f3n balear ha aclarado que no se tratar\u00eda de un delito contra el medio ambiente, sino de una infracci\u00f3n, ya que la autoridad medioambiental puede dar permiso para la filmaci\u00f3n de reportajes fotogr\u00e1ficos o v\u00eddeos, aunque ha comunicado que la productora de esta grabaci\u00f3n &#8220;en ning\u00fan caso&#8221; solicit\u00f3 la autorizaci\u00f3n necesaria para llevar a cabo este rodaje.<\/p>\n\n\n\n<p>El premio que recibir\u00e1 Perry ha sido otorgado en ediciones anteriores a artistas como Shakira, Beyonc\u00e9, Nicki Minaj, Madonna, Janet Jackson, LL Cool J, Jennifer Lopez, Rihanna, Justin Timberlake y Missy Elliott. David Bowie, The Beatles y el director Richard Lester, que compartieron este honor en la primera edici\u00f3n de esta gala en 1984.<\/p>\n\n\n\n<p>Las nominaciones para los premios MTV de este a\u00f1o est\u00e1n lideradas por Taylor Swift (10), Post Malone (9), Ariana Grande, Eminem y Sabrina Carpenter (6), Megan Thee Stallion y SZA (5) y Lisa, Olivia Rodrigo y Teddy Swims (4).<br><\/p>\n\n\n\n<p>Fuente:<a href=\"https:\/\/www.milenio.com\/espectaculos\/musica\/katy-perry-recibira-el-premio-video-vanguard-en-la-gala-mtv\" data-type=\"link\" data-id=\"https:\/\/www.milenio.com\/espectaculos\/musica\/katy-perry-recibira-el-premio-video-vanguard-en-la-gala-mtv\"> Milenio<\/a><\/p>\n","protected":false},"excerpt":{"rendered":"<p>La cantante estadounidense Katy Perry recibir\u00e1 el Premio &#8216;Video Vanguard&#8217;, un reconocimiento a su trayectoria art\u00edstica, en la gala de los premios MTV a los V\u00eddeos Musicales 2024 que se celebrar\u00e1 en el UBS Arena de Nueva York el pr\u00f3ximo 11 de septiembre, en la que tambi\u00e9n actuar\u00e1. Seg\u00fan ha anunciado la organizaci\u00f3n, la ganadora [&hellip;]<\/p>\n","protected":false},"author":35,"featured_media":11042,"comment_status":"open","ping_status":"open","sticky":false,"template":"","format":"standard","meta":{"_monsterinsights_skip_tracking":false,"_monsterinsights_sitenote_active":false,"_monsterinsights_sitenote_note":"","_monsterinsights_sitenote_category":0,"footnotes":""},"categories":[576],"tags":[3043,6220,30746],"class_list":["post-157523","post","type-post","status-publish","format-standard","has-post-thumbnail","hentry","category-ocio","tag-katy-perry","tag-mtv","tag-video-vanguard","wp-image-borders"],"amp_enabled":true,"_links":{"self":[{"href":"https:\/\/nvnoticias.mx\/index.php\/wp-json\/wp\/v2\/posts\/157523","targetHints":{"allow":["GET"]}}],"collection":[{"href":"https:\/\/nvnoticias.mx\/index.php\/wp-json\/wp\/v2\/posts"}],"about":[{"href":"https:\/\/nvnoticias.mx\/index.php\/wp-json\/wp\/v2\/types\/post"}],"author":[{"embeddable":true,"href":"https:\/\/nvnoticias.mx\/index.php\/wp-json\/wp\/v2\/users\/35"}],"replies":[{"embeddable":true,"href":"https:\/\/nvnoticias.mx\/index.php\/wp-json\/wp\/v2\/comments?post=157523"}],"version-history":[{"count":1,"href":"https:\/\/nvnoticias.mx\/index.php\/wp-json\/wp\/v2\/posts\/157523\/revisions"}],"predecessor-version":[{"id":157524,"href":"https:\/\/nvnoticias.mx\/index.php\/wp-json\/wp\/v2\/posts\/157523\/revisions\/157524"}],"wp:featuredmedia":[{"embeddable":true,"href":"https:\/\/nvnoticias.mx\/index.php\/wp-json\/wp\/v2\/media\/11042"}],"wp:attachment":[{"href":"https:\/\/nvnoticias.mx\/index.php\/wp-json\/wp\/v2\/media?parent=157523"}],"wp:term":[{"taxonomy":"category","embeddable":true,"href":"https:\/\/nvnoticias.mx\/index.php\/wp-json\/wp\/v2\/categories?post=157523"},{"taxonomy":"post_tag","embeddable":true,"href":"https:\/\/nvnoticias.mx\/index.php\/wp-json\/wp\/v2\/tags?post=157523"}],"curies":[{"name":"wp","href":"https:\/\/api.w.org\/{rel}","templated":true}]}}