{"id":157507,"date":"2024-08-16T12:35:46","date_gmt":"2024-08-16T18:35:46","guid":{"rendered":"https:\/\/nvnoticias.mx\/?p=157507"},"modified":"2024-08-16T12:35:48","modified_gmt":"2024-08-16T18:35:48","slug":"renuncia-fiscal-de-sinaloa-tras-irregularidades-en-caso-hector-cuen","status":"publish","type":"post","link":"https:\/\/nvnoticias.mx\/index.php\/2024\/08\/16\/renuncia-fiscal-de-sinaloa-tras-irregularidades-en-caso-hector-cuen\/","title":{"rendered":"Renuncia Fiscal de Sinaloa tras irregularidades en caso H\u00e9ctor Cu\u00e9n"},"content":{"rendered":"\n<p>La fiscal de Sinaloa, Sara Bruna Qui\u00f1\u00f3nez Estrada, present\u00f3 su renuncia voluntaria ante el Congreso local. La funcionaria se separ\u00f3 del cargo tras las&nbsp;irregularidades halladas en el informe del organismo sobre el asesinato de H\u00e9ctor Cu\u00e9n Ojeda.<\/p>\n\n\n\n<p>Mediante redes sociales, el gobernador Rub\u00e9n Rocha confi\u00f3 en que la ahora ex fiscal tom\u00f3 la decisi\u00f3n &#8220;para que se atiendan a plenitud las observaciones que la Fiscal\u00eda General de la Rep\u00fablica (FGR)\u00a0ha formulado, en relaci\u00f3n a la investigaci\u00f3n del caso del homicidio del ex rector H\u00e9ctor Cu\u00e9n&#8221;.<br><\/p>\n\n\n\n<p>Hasta el momento, ni la fiscal\u00eda estatal ni Qui\u00f1onez Estrada han precisado los motivos exactos sobre la separaci\u00f3n del cargo en el organismo.<\/p>\n\n\n\n<p>Sara Bruna Qui\u00f1\u00f3nez\u00a0hab\u00eda asumido la titularidad de la Fiscal\u00eda General del Estado el 11 de noviembre de 2021, tras ser ratificada por el Congreso del Estado, es decir, ten\u00eda dos a\u00f1os nueve meses en el cargo.<br><\/p>\n\n\n\n<p>Fuente:<a href=\"https:\/\/www.milenio.com\/policia\/fiscal-de-sinaloa-renuncia-tras-irregularidades-caso-hector-cuen\" data-type=\"link\" data-id=\"https:\/\/www.milenio.com\/policia\/fiscal-de-sinaloa-renuncia-tras-irregularidades-caso-hector-cuen\"> El Universal<\/a><\/p>\n","protected":false},"excerpt":{"rendered":"<p>La fiscal de Sinaloa, Sara Bruna Qui\u00f1\u00f3nez Estrada, present\u00f3 su renuncia voluntaria ante el Congreso local. La funcionaria se separ\u00f3 del cargo tras las&nbsp;irregularidades halladas en el informe del organismo sobre el asesinato de H\u00e9ctor Cu\u00e9n Ojeda. Mediante redes sociales, el gobernador Rub\u00e9n Rocha confi\u00f3 en que la ahora ex fiscal tom\u00f3 la decisi\u00f3n &#8220;para [&hellip;]<\/p>\n","protected":false},"author":35,"featured_media":157508,"comment_status":"open","ping_status":"open","sticky":false,"template":"","format":"standard","meta":{"_monsterinsights_skip_tracking":false,"_monsterinsights_sitenote_active":false,"_monsterinsights_sitenote_note":"","_monsterinsights_sitenote_category":0,"footnotes":""},"categories":[158],"tags":[30743,30744,2078],"class_list":["post-157507","post","type-post","status-publish","format-standard","has-post-thumbnail","hentry","category-politica","tag-fiscal-de-sinaloa","tag-hector-cuen","tag-renuncia","wp-image-borders"],"amp_enabled":true,"_links":{"self":[{"href":"https:\/\/nvnoticias.mx\/index.php\/wp-json\/wp\/v2\/posts\/157507","targetHints":{"allow":["GET"]}}],"collection":[{"href":"https:\/\/nvnoticias.mx\/index.php\/wp-json\/wp\/v2\/posts"}],"about":[{"href":"https:\/\/nvnoticias.mx\/index.php\/wp-json\/wp\/v2\/types\/post"}],"author":[{"embeddable":true,"href":"https:\/\/nvnoticias.mx\/index.php\/wp-json\/wp\/v2\/users\/35"}],"replies":[{"embeddable":true,"href":"https:\/\/nvnoticias.mx\/index.php\/wp-json\/wp\/v2\/comments?post=157507"}],"version-history":[{"count":1,"href":"https:\/\/nvnoticias.mx\/index.php\/wp-json\/wp\/v2\/posts\/157507\/revisions"}],"predecessor-version":[{"id":157511,"href":"https:\/\/nvnoticias.mx\/index.php\/wp-json\/wp\/v2\/posts\/157507\/revisions\/157511"}],"wp:featuredmedia":[{"embeddable":true,"href":"https:\/\/nvnoticias.mx\/index.php\/wp-json\/wp\/v2\/media\/157508"}],"wp:attachment":[{"href":"https:\/\/nvnoticias.mx\/index.php\/wp-json\/wp\/v2\/media?parent=157507"}],"wp:term":[{"taxonomy":"category","embeddable":true,"href":"https:\/\/nvnoticias.mx\/index.php\/wp-json\/wp\/v2\/categories?post=157507"},{"taxonomy":"post_tag","embeddable":true,"href":"https:\/\/nvnoticias.mx\/index.php\/wp-json\/wp\/v2\/tags?post=157507"}],"curies":[{"name":"wp","href":"https:\/\/api.w.org\/{rel}","templated":true}]}}