{"id":157474,"date":"2024-08-16T09:15:56","date_gmt":"2024-08-16T15:15:56","guid":{"rendered":"https:\/\/nvnoticias.mx\/?p=157474"},"modified":"2024-08-16T09:15:57","modified_gmt":"2024-08-16T15:15:57","slug":"preven-mas-casos-de-viruela-del-mono-en-europa","status":"publish","type":"post","link":"https:\/\/nvnoticias.mx\/index.php\/2024\/08\/16\/preven-mas-casos-de-viruela-del-mono-en-europa\/","title":{"rendered":"Prev\u00e9n m\u00e1s casos de viruela del mono en Europa"},"content":{"rendered":"\n<p class=\"sc__font-paragraph\">La&nbsp;<strong>agencia de salud<\/strong>&nbsp;de la&nbsp;<strong>Uni\u00f3n Europea<\/strong>&nbsp;inst\u00f3 a los estados miembros a prepararse para m\u00e1s casos de una cepa mortal de la&nbsp;<strong>viruela del mono (mpox)<\/strong>, un d\u00eda despu\u00e9s de que&nbsp;<strong>Suecia<\/strong>anunciara el primer caso fuera de \u00c1frica.<\/p>\n\n\n\n<p class=\"sc__font-paragraph\">En una evaluaci\u00f3n de riesgos, el&nbsp;<strong>Centro Europeo para la Prevenci\u00f3n y el Control de Enfermedades (ECDC)<\/strong>&nbsp;se\u00f1al\u00f3 que el&nbsp;<strong>riesgo general&nbsp;<\/strong>para la poblaci\u00f3n en la UE y el Espacio Econ\u00f3mico Europeo (EEE) segu\u00eda siendo &#8220;<strong>bajo<\/strong>&#8220;.<\/p>\n\n\n\n<p>Sin embargo &#8220;recomienda que las autoridades de&nbsp;<strong>salud p\u00fablica<\/strong>&nbsp;en la UE\/EEE mantengan altos niveles de planificaci\u00f3n y actividades de informaci\u00f3n que faciliten la detecci\u00f3n y respuesta r\u00e1pida&#8221;.<\/p>\n\n\n\n<p>Fuente: <a href=\"https:\/\/www.eluniversal.com.mx\/mundo\/preven-mas-casos-de-viruela-del-mono-en-europa-piden-a-paises-prepararse\/\">El Universal<\/a> <\/p>\n","protected":false},"excerpt":{"rendered":"<p>La&nbsp;agencia de salud&nbsp;de la&nbsp;Uni\u00f3n Europea&nbsp;inst\u00f3 a los estados miembros a prepararse para m\u00e1s casos de una cepa mortal de la&nbsp;viruela del mono (mpox), un d\u00eda despu\u00e9s de que&nbsp;Sueciaanunciara el primer caso fuera de \u00c1frica. En una evaluaci\u00f3n de riesgos, el&nbsp;Centro Europeo para la Prevenci\u00f3n y el Control de Enfermedades (ECDC)&nbsp;se\u00f1al\u00f3 que el&nbsp;riesgo general&nbsp;para la poblaci\u00f3n [&hellip;]<\/p>\n","protected":false},"author":35,"featured_media":87130,"comment_status":"closed","ping_status":"open","sticky":false,"template":"","format":"standard","meta":{"_monsterinsights_skip_tracking":false,"_monsterinsights_sitenote_active":false,"_monsterinsights_sitenote_note":"","_monsterinsights_sitenote_category":0,"footnotes":""},"categories":[181],"tags":[2838,14982],"class_list":["post-157474","post","type-post","status-publish","format-standard","has-post-thumbnail","hentry","category-internacional","tag-europa","tag-viruela-del-mono","wp-image-borders"],"amp_enabled":true,"_links":{"self":[{"href":"https:\/\/nvnoticias.mx\/index.php\/wp-json\/wp\/v2\/posts\/157474","targetHints":{"allow":["GET"]}}],"collection":[{"href":"https:\/\/nvnoticias.mx\/index.php\/wp-json\/wp\/v2\/posts"}],"about":[{"href":"https:\/\/nvnoticias.mx\/index.php\/wp-json\/wp\/v2\/types\/post"}],"author":[{"embeddable":true,"href":"https:\/\/nvnoticias.mx\/index.php\/wp-json\/wp\/v2\/users\/35"}],"replies":[{"embeddable":true,"href":"https:\/\/nvnoticias.mx\/index.php\/wp-json\/wp\/v2\/comments?post=157474"}],"version-history":[{"count":1,"href":"https:\/\/nvnoticias.mx\/index.php\/wp-json\/wp\/v2\/posts\/157474\/revisions"}],"predecessor-version":[{"id":157475,"href":"https:\/\/nvnoticias.mx\/index.php\/wp-json\/wp\/v2\/posts\/157474\/revisions\/157475"}],"wp:featuredmedia":[{"embeddable":true,"href":"https:\/\/nvnoticias.mx\/index.php\/wp-json\/wp\/v2\/media\/87130"}],"wp:attachment":[{"href":"https:\/\/nvnoticias.mx\/index.php\/wp-json\/wp\/v2\/media?parent=157474"}],"wp:term":[{"taxonomy":"category","embeddable":true,"href":"https:\/\/nvnoticias.mx\/index.php\/wp-json\/wp\/v2\/categories?post=157474"},{"taxonomy":"post_tag","embeddable":true,"href":"https:\/\/nvnoticias.mx\/index.php\/wp-json\/wp\/v2\/tags?post=157474"}],"curies":[{"name":"wp","href":"https:\/\/api.w.org\/{rel}","templated":true}]}}