{"id":157438,"date":"2024-08-15T12:45:00","date_gmt":"2024-08-15T18:45:00","guid":{"rendered":"https:\/\/nvnoticias.mx\/?p=157438"},"modified":"2024-08-15T12:45:02","modified_gmt":"2024-08-15T18:45:02","slug":"levantan-alerta-por-megaterremoto-en-japon","status":"publish","type":"post","link":"https:\/\/nvnoticias.mx\/index.php\/2024\/08\/15\/levantan-alerta-por-megaterremoto-en-japon\/","title":{"rendered":"Levantan alerta por &#8220;megaterremoto&#8221; en Jap\u00f3n"},"content":{"rendered":"\n<p>Jap\u00f3n levant\u00f3 el jueves la alerta por un posible &#8220;megaterremoto&#8221; emitida hace una semana y propuso a sus habitantes &#8220;volver a una vida normal&#8221;.<\/p>\n\n\n\n<blockquote class=\"wp-block-quote is-layout-flow wp-block-quote-is-layout-flow\">\n<p>&#8220;Como no se ha detectado ninguna anomal\u00eda en la actividad s\u00edsmica ni en la deformaci\u00f3n de la corteza terrestre, el llamado especial a una atenci\u00f3n particular termin\u00f3, pero esto no significa que el riesgo haya desaparecido&#8221;, dijo el ministro de Gesti\u00f3n de Desastres, Yoshifumi Matsumura.<br><\/p>\n<\/blockquote>\n\n\n\n<p>&#8220;Pedimos continuar atentos a las precauciones cotidianas y a mantenerse vigilantes ante un megasismo que puede ocurrir en cualquier momento y cualquier lugar&#8221;, agreg\u00f3.<\/p>\n\n\n\n<p><br>La Agencia Meteorol\u00f3gica Japonesa emiti\u00f3 el pasado jueves un aviso de un posible megaterremoto tras un sismo de magnitud 7.1 en el sur del pa\u00eds que dej\u00f3 15 heridos.<br><\/p>\n\n\n\n<p>La alerta provoc\u00f3 la cancelaci\u00f3n de miles de reservas tur\u00edsticas y llev\u00f3 a muchos habitantes a hacer acopio de provisiones en los supermercados.<\/p>\n\n\n\n<p>El primer ministro, Fumio Kishida, incluso cancel\u00f3 un viaje previsto a Asia Central para poder gestionar una eventual emergencia.<\/p>\n\n\n\n<p>En su aviso, la agencia meteorol\u00f3gica precis\u00f3 que &#8220;la probabilidad que ocurra un nuevo temblor es m\u00e1s elevada que en tiempos normales, pero esto no indica con certeza que se vaya a producir&#8221;.<br><\/p>\n\n\n\n<p>La alerta se centraba en la fosa submarina de Nankai, situada entre dos placas tect\u00f3nicas en el oc\u00e9ano Pac\u00edfico, donde en el pasado se han producido terremotos de magnitud superior a 8.<br><\/p>\n\n\n\n<p>Fuente:<a href=\"https:\/\/www.milenio.com\/internacional\/japon-pone-fin-al-periodo-de-precaucion-por-megasismo\" data-type=\"link\" data-id=\"https:\/\/www.milenio.com\/internacional\/japon-pone-fin-al-periodo-de-precaucion-por-megasismo\"> Milenio<\/a><\/p>\n","protected":false},"excerpt":{"rendered":"<p>Jap\u00f3n levant\u00f3 el jueves la alerta por un posible &#8220;megaterremoto&#8221; emitida hace una semana y propuso a sus habitantes &#8220;volver a una vida normal&#8221;. &#8220;Como no se ha detectado ninguna anomal\u00eda en la actividad s\u00edsmica ni en la deformaci\u00f3n de la corteza terrestre, el llamado especial a una atenci\u00f3n particular termin\u00f3, pero esto no significa [&hellip;]<\/p>\n","protected":false},"author":35,"featured_media":75033,"comment_status":"open","ping_status":"open","sticky":false,"template":"","format":"standard","meta":{"_monsterinsights_skip_tracking":false,"_monsterinsights_sitenote_active":false,"_monsterinsights_sitenote_note":"","_monsterinsights_sitenote_category":0,"footnotes":""},"categories":[181],"tags":[644,30736],"class_list":["post-157438","post","type-post","status-publish","format-standard","has-post-thumbnail","hentry","category-internacional","tag-japon","tag-megaterremoto","wp-image-borders"],"amp_enabled":true,"_links":{"self":[{"href":"https:\/\/nvnoticias.mx\/index.php\/wp-json\/wp\/v2\/posts\/157438","targetHints":{"allow":["GET"]}}],"collection":[{"href":"https:\/\/nvnoticias.mx\/index.php\/wp-json\/wp\/v2\/posts"}],"about":[{"href":"https:\/\/nvnoticias.mx\/index.php\/wp-json\/wp\/v2\/types\/post"}],"author":[{"embeddable":true,"href":"https:\/\/nvnoticias.mx\/index.php\/wp-json\/wp\/v2\/users\/35"}],"replies":[{"embeddable":true,"href":"https:\/\/nvnoticias.mx\/index.php\/wp-json\/wp\/v2\/comments?post=157438"}],"version-history":[{"count":2,"href":"https:\/\/nvnoticias.mx\/index.php\/wp-json\/wp\/v2\/posts\/157438\/revisions"}],"predecessor-version":[{"id":157440,"href":"https:\/\/nvnoticias.mx\/index.php\/wp-json\/wp\/v2\/posts\/157438\/revisions\/157440"}],"wp:featuredmedia":[{"embeddable":true,"href":"https:\/\/nvnoticias.mx\/index.php\/wp-json\/wp\/v2\/media\/75033"}],"wp:attachment":[{"href":"https:\/\/nvnoticias.mx\/index.php\/wp-json\/wp\/v2\/media?parent=157438"}],"wp:term":[{"taxonomy":"category","embeddable":true,"href":"https:\/\/nvnoticias.mx\/index.php\/wp-json\/wp\/v2\/categories?post=157438"},{"taxonomy":"post_tag","embeddable":true,"href":"https:\/\/nvnoticias.mx\/index.php\/wp-json\/wp\/v2\/tags?post=157438"}],"curies":[{"name":"wp","href":"https:\/\/api.w.org\/{rel}","templated":true}]}}