{"id":157429,"date":"2024-08-15T12:39:39","date_gmt":"2024-08-15T18:39:39","guid":{"rendered":"https:\/\/nvnoticias.mx\/?p=157429"},"modified":"2024-08-15T12:39:41","modified_gmt":"2024-08-15T18:39:41","slug":"la-educacion-es-el-pilar-para-la-transformacion-y-el-progreso-de-veracruz","status":"publish","type":"post","link":"https:\/\/nvnoticias.mx\/index.php\/2024\/08\/15\/la-educacion-es-el-pilar-para-la-transformacion-y-el-progreso-de-veracruz\/","title":{"rendered":"La Educaci\u00f3n es el Pilar para la Transformaci\u00f3n y el Progreso de Veracruz."},"content":{"rendered":"\n<p><\/p>\n\n\n\n<p><strong>Dr. Jerem\u00edas Z\u00fa\u00f1iga Mezano<\/strong><\/p>\n\n\n\n<p>Veracruz, con una poblaci\u00f3n de m\u00e1s de 8 millones de personas, se encuentra en una encrucijada hist\u00f3rica. Con el 69% de sus ciudadanos en edad de trabajar, aproximadamente 5.6 millones de veracruzanos, el estado tiene un potencial humano inmenso que no se puede desaprovechar. Sin embargo, el desaf\u00edo es claro: el 16% de esta poblaci\u00f3n, cerca de 900,000 personas, est\u00e1 desempleada. Adem\u00e1s, el envejecimiento de la poblaci\u00f3n es un tema urgente, con un 12% de adultos mayores de 65 a\u00f1os, lo que representa a 972,000 personas, posicionando a Veracruz como la segunda entidad con mayor \u00edndice de envejecimiento en M\u00e9xico, despu\u00e9s de la Ciudad de M\u00e9xico.<\/p>\n\n\n\n<p>Frente a este panorama, la soluci\u00f3n no es complicada, pero s\u00ed requiere de voluntad y visi\u00f3n estrat\u00e9gica: la educaci\u00f3n debe ser el eje central para la transformaci\u00f3n de Veracruz. Con una edad mediana de 31 a\u00f1os, Veracruz tiene la responsabilidad y la oportunidad de formar a su juventud para que se convierta en el motor del crecimiento econ\u00f3mico y social del estado. Pero, m\u00e1s all\u00e1 de las aulas, la educaci\u00f3n debe ser una tarea de toda la comunidad, y aqu\u00ed es donde los adultos mayores pueden jugar un papel crucial.<\/p>\n\n\n\n<p>Los abuelos, una figura invaluable en nuestra sociedad, pueden y deben involucrarse en la educaci\u00f3n y formaci\u00f3n del talento veracruzano. Con su vasta experiencia y conocimientos, pueden transmitir valores, cultura e historia a las generaciones m\u00e1s j\u00f3venes, que actualmente suman m\u00e1s de 2.1 millones de ni\u00f1os, adolescentes y j\u00f3venes matriculados en alg\u00fan nivel educativo, desde preescolar hasta posgrado. En un mundo donde la tecnolog\u00eda domina la vida diaria, la influencia de los abuelos puede ser el ant\u00eddoto contra la p\u00e9rdida de valores que ha contribuido al aumento de la violencia y la criminalidad.<\/p>\n\n\n\n<p>Necesitamos que los abuelos tomen un rol activo en la formaci\u00f3n de nuestros j\u00f3venes. En lugar de dejar que la tecnolog\u00eda ocupe el tiempo y la mente de nuestros ni\u00f1os, debemos fomentar la educaci\u00f3n en valores a trav\u00e9s del contacto intergeneracional. Este enfoque no solo ayudar\u00e1 a preservar la cultura y los principios que han sustentado a nuestras comunidades, sino que tambi\u00e9n fortalecer\u00e1 el tejido social, creando ciudadanos m\u00e1s conscientes y responsables.<\/p>\n\n\n\n<p>Adem\u00e1s, Veracruz est\u00e1 en una posici\u00f3n \u00fanica para aprovechar su crecimiento econ\u00f3mico, impulsado por sus puertos y el Corredor Interoce\u00e1nico. Sin embargo, este desarrollo solo ser\u00e1 sostenible si preparamos a nuestro talento humano para ocupar los puestos que este crecimiento generar\u00e1. De lo contrario, correremos el riesgo de que trabajadores de otros estados o incluso de otros pa\u00edses ocupen esos lugares, dejando a los veracruzanos fuera de las oportunidades que se presenten.<\/p>\n\n\n\n<p>Es imperativo que invirtamos en la educaci\u00f3n y el desarrollo del talento humano, no solo para aprovechar el potencial econ\u00f3mico del estado, sino tambi\u00e9n para construir una sociedad m\u00e1s justa y segura. Los adultos mayores, con su sabidur\u00eda y experiencia, pueden ser nuestros mejores aliados en esta misi\u00f3n. Ellos pueden aportar el conocimiento adquirido a lo largo de sus vidas para guiar a las nuevas generaciones y ayudar a prevenir la violencia y la criminalidad desde sus ra\u00edces.<\/p>\n\n\n\n<p>Veracruz tiene todas las herramientas para convertirse en un ejemplo de desarrollo en M\u00e9xico. Pero el cambio debe empezar hoy, en nuestras casas, en nuestras escuelas, y en nuestras comunidades. Involucremos a todos en este proyecto de transformaci\u00f3n, y construyamos juntos un futuro m\u00e1s brillante para todos los veracruzanos.<\/p>\n\n\n\n<h1 class=\"wp-block-heading\">ParaSerMejores<\/h1>\n\n\n\n<p><\/p>\n","protected":false},"excerpt":{"rendered":"<p>Dr. Jerem\u00edas Z\u00fa\u00f1iga Mezano Veracruz, con una poblaci\u00f3n de m\u00e1s de 8 millones de personas, se encuentra en una encrucijada hist\u00f3rica. Con el 69% de sus ciudadanos en edad de trabajar, aproximadamente 5.6 millones de veracruzanos, el estado tiene un potencial humano inmenso que no se puede desaprovechar. Sin embargo, el desaf\u00edo es claro: el [&hellip;]<\/p>\n","protected":false},"author":48,"featured_media":151890,"comment_status":"open","ping_status":"open","sticky":false,"template":"","format":"standard","meta":{"_monsterinsights_skip_tracking":false,"_monsterinsights_sitenote_active":false,"_monsterinsights_sitenote_note":"","_monsterinsights_sitenote_category":0,"footnotes":""},"categories":[30211],"tags":[30229],"class_list":["post-157429","post","type-post","status-publish","format-standard","has-post-thumbnail","hentry","category-para-ser-mejores","tag-dr-jeremias-zuniga-mezano","wp-image-borders"],"amp_enabled":true,"_links":{"self":[{"href":"https:\/\/nvnoticias.mx\/index.php\/wp-json\/wp\/v2\/posts\/157429","targetHints":{"allow":["GET"]}}],"collection":[{"href":"https:\/\/nvnoticias.mx\/index.php\/wp-json\/wp\/v2\/posts"}],"about":[{"href":"https:\/\/nvnoticias.mx\/index.php\/wp-json\/wp\/v2\/types\/post"}],"author":[{"embeddable":true,"href":"https:\/\/nvnoticias.mx\/index.php\/wp-json\/wp\/v2\/users\/48"}],"replies":[{"embeddable":true,"href":"https:\/\/nvnoticias.mx\/index.php\/wp-json\/wp\/v2\/comments?post=157429"}],"version-history":[{"count":1,"href":"https:\/\/nvnoticias.mx\/index.php\/wp-json\/wp\/v2\/posts\/157429\/revisions"}],"predecessor-version":[{"id":157431,"href":"https:\/\/nvnoticias.mx\/index.php\/wp-json\/wp\/v2\/posts\/157429\/revisions\/157431"}],"wp:featuredmedia":[{"embeddable":true,"href":"https:\/\/nvnoticias.mx\/index.php\/wp-json\/wp\/v2\/media\/151890"}],"wp:attachment":[{"href":"https:\/\/nvnoticias.mx\/index.php\/wp-json\/wp\/v2\/media?parent=157429"}],"wp:term":[{"taxonomy":"category","embeddable":true,"href":"https:\/\/nvnoticias.mx\/index.php\/wp-json\/wp\/v2\/categories?post=157429"},{"taxonomy":"post_tag","embeddable":true,"href":"https:\/\/nvnoticias.mx\/index.php\/wp-json\/wp\/v2\/tags?post=157429"}],"curies":[{"name":"wp","href":"https:\/\/api.w.org\/{rel}","templated":true}]}}