{"id":157407,"date":"2024-08-15T08:59:33","date_gmt":"2024-08-15T14:59:33","guid":{"rendered":"https:\/\/nvnoticias.mx\/?p=157407"},"modified":"2024-08-15T08:59:34","modified_gmt":"2024-08-15T14:59:34","slug":"piensa-amlo-que-es-una-especie-de-venganza-el-intento-de-detencion-de-javier-corral-en-cdmx","status":"publish","type":"post","link":"https:\/\/nvnoticias.mx\/index.php\/2024\/08\/15\/piensa-amlo-que-es-una-especie-de-venganza-el-intento-de-detencion-de-javier-corral-en-cdmx\/","title":{"rendered":"Piensa AMLO que \u201ces una especie de venganza\u201d el intento de detenci\u00f3n de Javier Corral en CDMX"},"content":{"rendered":"\n<p class=\"amp-sc__font-paragraph\">Luego de que la<strong>&nbsp;Fiscal\u00eda de Chihuahua<\/strong>&nbsp;intent\u00f3 detener ayer al exgobernador<a href=\"https:\/\/www.eluniversal.com.mx\/tag\/javier-corral\/\" target=\"_blank\" rel=\"noreferrer noopener\">&nbsp;<\/a><strong>Javier Corral&nbsp;<\/strong>en el restaurante Gin Gin de la colonia Roma, en la&nbsp;<strong>Ciudad de M\u00e9xico<\/strong>, el&nbsp;<strong>presidente Andr\u00e9s Manuel L\u00f3pez Obrador<\/strong>&nbsp;asegur\u00f3 que \u201cesto tiene que ver con&nbsp;<strong>diferencias pol\u00edticas&nbsp;<\/strong>que vienen de tiempo atr\u00e1s\u201d y es \u201c<strong>una especie de venganza<\/strong>\u201d.<\/p>\n\n\n\n<p class=\"amp-sc__font-paragraph\">En su conferencia ma\u00f1anera de este jueves 15 de agosto en Palacio Nacional, L\u00f3pez Obrador asegur\u00f3 que la&nbsp;<strong>gobernadora de Chihuahua, Maru Campos<\/strong>, se ali\u00f3 al exmandatario estatal priista,<strong>&nbsp;Javier Duarte<\/strong>, \u201caunque son de partidos distintos\u201d.<\/p>\n\n\n\n<p>\u201cEs parte de la promiscuidad pol\u00edtica de los \u00faltimos tiempos\u201d, dijo el Presidente al se\u00f1alar que el asunto es de \u201c<strong>pleitos pol\u00edticos<\/strong>&nbsp;y de&nbsp;<strong>venganzas<\/strong>\u201d.<\/p>\n\n\n\n<p>Agreg\u00f3 que este hecho se da en el marco de la toma de la entrada de Javier Corral como senador en septiembre pr\u00f3ximo. \u201cEs una especie de venganza\u201d, declar\u00f3.<\/p>\n\n\n\n<p>Fuente: <a href=\"https:\/\/www.eluniversal.com.mx\/nacion\/es-una-especie-de-venganza-amlo-sobre-el-intento-de-detencion-de-javier-corral-en-cdmx\/?outputType=amp\">El Universal<\/a> <\/p>\n","protected":false},"excerpt":{"rendered":"<p>Luego de que la&nbsp;Fiscal\u00eda de Chihuahua&nbsp;intent\u00f3 detener ayer al exgobernador&nbsp;Javier Corral&nbsp;en el restaurante Gin Gin de la colonia Roma, en la&nbsp;Ciudad de M\u00e9xico, el&nbsp;presidente Andr\u00e9s Manuel L\u00f3pez Obrador&nbsp;asegur\u00f3 que \u201cesto tiene que ver con&nbsp;diferencias pol\u00edticas&nbsp;que vienen de tiempo atr\u00e1s\u201d y es \u201cuna especie de venganza\u201d. En su conferencia ma\u00f1anera de este jueves 15 de agosto [&hellip;]<\/p>\n","protected":false},"author":35,"featured_media":157411,"comment_status":"closed","ping_status":"open","sticky":false,"template":"","format":"standard","meta":{"_monsterinsights_skip_tracking":false,"_monsterinsights_sitenote_active":false,"_monsterinsights_sitenote_note":"","_monsterinsights_sitenote_category":0,"footnotes":""},"categories":[158],"tags":[188,5467,162],"class_list":["post-157407","post","type-post","status-publish","format-standard","has-post-thumbnail","hentry","category-politica","tag-amlo","tag-javier-corral","tag-portada","wp-image-borders"],"amp_enabled":true,"_links":{"self":[{"href":"https:\/\/nvnoticias.mx\/index.php\/wp-json\/wp\/v2\/posts\/157407","targetHints":{"allow":["GET"]}}],"collection":[{"href":"https:\/\/nvnoticias.mx\/index.php\/wp-json\/wp\/v2\/posts"}],"about":[{"href":"https:\/\/nvnoticias.mx\/index.php\/wp-json\/wp\/v2\/types\/post"}],"author":[{"embeddable":true,"href":"https:\/\/nvnoticias.mx\/index.php\/wp-json\/wp\/v2\/users\/35"}],"replies":[{"embeddable":true,"href":"https:\/\/nvnoticias.mx\/index.php\/wp-json\/wp\/v2\/comments?post=157407"}],"version-history":[{"count":1,"href":"https:\/\/nvnoticias.mx\/index.php\/wp-json\/wp\/v2\/posts\/157407\/revisions"}],"predecessor-version":[{"id":157408,"href":"https:\/\/nvnoticias.mx\/index.php\/wp-json\/wp\/v2\/posts\/157407\/revisions\/157408"}],"wp:featuredmedia":[{"embeddable":true,"href":"https:\/\/nvnoticias.mx\/index.php\/wp-json\/wp\/v2\/media\/157411"}],"wp:attachment":[{"href":"https:\/\/nvnoticias.mx\/index.php\/wp-json\/wp\/v2\/media?parent=157407"}],"wp:term":[{"taxonomy":"category","embeddable":true,"href":"https:\/\/nvnoticias.mx\/index.php\/wp-json\/wp\/v2\/categories?post=157407"},{"taxonomy":"post_tag","embeddable":true,"href":"https:\/\/nvnoticias.mx\/index.php\/wp-json\/wp\/v2\/tags?post=157407"}],"curies":[{"name":"wp","href":"https:\/\/api.w.org\/{rel}","templated":true}]}}