{"id":157405,"date":"2024-08-15T09:01:14","date_gmt":"2024-08-15T15:01:14","guid":{"rendered":"https:\/\/nvnoticias.mx\/?p=157405"},"modified":"2024-08-15T09:01:15","modified_gmt":"2024-08-15T15:01:15","slug":"lamenta-papa-francisco-terribles-efectos-del-gran-incendio-en-grecia","status":"publish","type":"post","link":"https:\/\/nvnoticias.mx\/index.php\/2024\/08\/15\/lamenta-papa-francisco-terribles-efectos-del-gran-incendio-en-grecia\/","title":{"rendered":"Lamenta Papa Francisco &#8220;terribles&#8221; efectos del gran incendio en Grecia&nbsp;"},"content":{"rendered":"\n<p class=\"sc__font-paragraph\">El<a href=\"https:\/\/www.eluniversal.com.mx\/tag\/papa-francisco\/\" target=\"_blank\" rel=\"noreferrer noopener\">&nbsp;<\/a><strong>papa Francisco<\/strong>&nbsp;lament\u00f3 los estragos del gran&nbsp;<strong>incendio&nbsp;<\/strong>ocurrido en&nbsp;<strong>Grecia<a href=\"https:\/\/www.eluniversal.com.mx\/mundo\/\" target=\"_blank\" rel=\"noreferrer noopener\">&nbsp;<\/a><\/strong>y asegur\u00f3 rezar por las v\u00edctimas y heridos de esta cat\u00e1strofe que ha causado &#8220;penurias terribles&#8221; a nivel humano, material y medioambiental.<\/p>\n\n\n\n<p class=\"sc__font-paragraph\">&#8220;Mi pensamiento se dirige a Grecia, que en los \u00faltimos d\u00edas ha estado combatiendo un incendio muy grave al noreste de Atenas&#8221;, dijo el pont\u00edfice en la plaza San Pedro el t\u00e9rmino del rezo del \u00c1ngelus de este jueves, en motivo de la Solemnidad de la Asunci\u00f3n de la Virgen.<\/p>\n\n\n\n<p class=\"sc__font-paragraph\">El papa lament\u00f3 que &#8220;decenas de miles de personas ya han sido evacuadas, muchas familias se han quedado sin hogar&#8221; y &#8220;miles de personas tienen que afrontar penurias terribles&#8221;.<\/p>\n\n\n\n<p class=\"sc__font-paragraph\">Tambi\u00e9n se mostr\u00f3 entristecido por &#8220;los inmensos da\u00f1os materiales&#8221; y el &#8220;desastre medioambiental&#8221; que se est\u00e1 creando.<\/p>\n\n\n\n<p class=\"sc__font-paragraph\">&#8220;Rezo por las v\u00edctimas y los heridos y aseguro mi cercan\u00eda a quienes se ven afectados por este grave acontecimiento, confiando en que podr\u00e1n ser sostenidos por la solidaridad com\u00fan&#8221;, agreg\u00f3 el papa.<\/p>\n\n\n\n<p class=\"sc__font-paragraph\">Se trat\u00f3 del peor incendio forestal del a\u00f1o en&nbsp;<strong>Grecia<\/strong>, que quem\u00f3 unas<strong>&nbsp;10 mil hect\u00e1reas<\/strong>cerca de&nbsp;<strong>Atenas&nbsp;<\/strong>y los bomberos han acabado de dar por controlado recientemente, tras declararse el domingo.<\/p>\n\n\n\n<p>Fuente: <a href=\"https:\/\/www.eluniversal.com.mx\/mundo\/papa-francisco-lamenta-terribles-efectos-del-gran-incendio-en-grecia-que-causo-inmensos-danos\/\">El Universal<\/a> <\/p>\n","protected":false},"excerpt":{"rendered":"<p>El&nbsp;papa Francisco&nbsp;lament\u00f3 los estragos del gran&nbsp;incendio&nbsp;ocurrido en&nbsp;Grecia&nbsp;y asegur\u00f3 rezar por las v\u00edctimas y heridos de esta cat\u00e1strofe que ha causado &#8220;penurias terribles&#8221; a nivel humano, material y medioambiental. &#8220;Mi pensamiento se dirige a Grecia, que en los \u00faltimos d\u00edas ha estado combatiendo un incendio muy grave al noreste de Atenas&#8221;, dijo el pont\u00edfice en la [&hellip;]<\/p>\n","protected":false},"author":35,"featured_media":27821,"comment_status":"closed","ping_status":"open","sticky":false,"template":"","format":"standard","meta":{"_monsterinsights_skip_tracking":false,"_monsterinsights_sitenote_active":false,"_monsterinsights_sitenote_note":"","_monsterinsights_sitenote_category":0,"footnotes":""},"categories":[181],"tags":[4796],"class_list":["post-157405","post","type-post","status-publish","format-standard","has-post-thumbnail","hentry","category-internacional","tag-papa-francisco","wp-image-borders"],"amp_enabled":true,"_links":{"self":[{"href":"https:\/\/nvnoticias.mx\/index.php\/wp-json\/wp\/v2\/posts\/157405","targetHints":{"allow":["GET"]}}],"collection":[{"href":"https:\/\/nvnoticias.mx\/index.php\/wp-json\/wp\/v2\/posts"}],"about":[{"href":"https:\/\/nvnoticias.mx\/index.php\/wp-json\/wp\/v2\/types\/post"}],"author":[{"embeddable":true,"href":"https:\/\/nvnoticias.mx\/index.php\/wp-json\/wp\/v2\/users\/35"}],"replies":[{"embeddable":true,"href":"https:\/\/nvnoticias.mx\/index.php\/wp-json\/wp\/v2\/comments?post=157405"}],"version-history":[{"count":1,"href":"https:\/\/nvnoticias.mx\/index.php\/wp-json\/wp\/v2\/posts\/157405\/revisions"}],"predecessor-version":[{"id":157406,"href":"https:\/\/nvnoticias.mx\/index.php\/wp-json\/wp\/v2\/posts\/157405\/revisions\/157406"}],"wp:featuredmedia":[{"embeddable":true,"href":"https:\/\/nvnoticias.mx\/index.php\/wp-json\/wp\/v2\/media\/27821"}],"wp:attachment":[{"href":"https:\/\/nvnoticias.mx\/index.php\/wp-json\/wp\/v2\/media?parent=157405"}],"wp:term":[{"taxonomy":"category","embeddable":true,"href":"https:\/\/nvnoticias.mx\/index.php\/wp-json\/wp\/v2\/categories?post=157405"},{"taxonomy":"post_tag","embeddable":true,"href":"https:\/\/nvnoticias.mx\/index.php\/wp-json\/wp\/v2\/tags?post=157405"}],"curies":[{"name":"wp","href":"https:\/\/api.w.org\/{rel}","templated":true}]}}