{"id":157403,"date":"2024-08-15T08:58:36","date_gmt":"2024-08-15T14:58:36","guid":{"rendered":"https:\/\/nvnoticias.mx\/?p=157403"},"modified":"2024-08-15T08:58:37","modified_gmt":"2024-08-15T14:58:37","slug":"afirma-amlo-que-la-mananera-se-llevara-a-cabo-hasta-el-ultimo-dia-de-su-sexenio","status":"publish","type":"post","link":"https:\/\/nvnoticias.mx\/index.php\/2024\/08\/15\/afirma-amlo-que-la-mananera-se-llevara-a-cabo-hasta-el-ultimo-dia-de-su-sexenio\/","title":{"rendered":"Afirma AMLO que &#8220;la ma\u00f1anera&#8221; se llevar\u00e1 a cabo hasta&nbsp;el \u00faltimo d\u00eda de su sexenio"},"content":{"rendered":"\n<p class=\"amp-sc__font-paragraph wp-block-paragraph\">A unas horas de que&nbsp;<strong>Claudia Sheinbaum&nbsp;<\/strong>reciba su constancia como presidenta electa por parte del<strong>Tribunal Electoral<\/strong>&nbsp;(TEPJF), este jueves el&nbsp;<strong>presidente Andr\u00e9s Manuel L\u00f3pez Obrador<\/strong>&nbsp;record\u00f3 que le falta m\u00e1s y medio para que termine su gobierno.<\/p>\n\n\n\n<p class=\"amp-sc__font-paragraph wp-block-paragraph\">En Palacio Nacional, el Mandatario federal destac\u00f3 que su&nbsp;<strong>conferencia ma\u00f1anera<\/strong>&nbsp;se llevar\u00e1 a cabo hasta el \u00faltimo d\u00eda de su sexenio que ser\u00e1 el lunes 30 de septiembre.<\/p>\n\n\n\n<p class=\"wp-block-paragraph\">\u201cNos falta un mes y medio y tambi\u00e9n vamos a estar hasta el \u00faltimo d\u00eda con ustedes que va a ser un lunes terminamos, es el \u00faltimo d\u00eda del mes de septiembre\u201d, dijo.<\/p>\n\n\n\n<p class=\"wp-block-paragraph\">El presidente L\u00f3pez Obrador inform\u00f3 que el pr\u00f3ximo lunes se llevar\u00e1 una especie de homenaje a los migrantes mexicanos que viven y trabajan en Estados Unidos, quienes aportan a la econom\u00eda de ese pa\u00eds es cerca de 350 mil millones de d\u00f3lares.<\/p>\n\n\n\n<p class=\"amp-sc__font-paragraph wp-block-paragraph\">\u201cLa ma\u00f1anera va a estar dedicada a ellos, es un homenaje a los que consideramos h\u00e9roes, hero\u00ednas por las haza\u00f1as que han llevado a cabo.<\/p>\n\n\n\n<p class=\"amp-sc__font-paragraph wp-block-paragraph\">\u201cSon la representaci\u00f3n de nuestro pa\u00eds, de la grandeza de M\u00e9xico, como en circunstancias dif\u00edciles decidieron salir del pa\u00eds a buscarse la vida, arriesg\u00e1ndolo todo y c\u00f3mo con sus convicciones, su vocaci\u00f3n de trabajo, su deseo de salir adelante y de hacerlo de manera honrada, han logrado contribuir mucho a la naci\u00f3n que les dio la oportunidad, Estados Unidos, porque seg\u00fan nuestros c\u00e1lculos aportan los mexicanos que viven y trabajan en Estados unidos alrededor de 350 mil millones de d\u00f3lares\u201d.<\/p>\n\n\n\n<p class=\"wp-block-paragraph\">Fuente: <a href=\"https:\/\/www.eluniversal.com.mx\/nacion\/falta-mes-y-medio-para-que-termine-mi-gobierno-amlo-afirma-que-la-mananera-se-llevara-a-cabo-hasta-el-ultimo-dia-de-su-sexenio\/?outputType=amp\">El Universal<\/a> <\/p>\n","protected":false},"excerpt":{"rendered":"<p>A unas horas de que&nbsp;Claudia Sheinbaum&nbsp;reciba su constancia como presidenta electa por parte delTribunal Electoral&nbsp;(TEPJF), este jueves el&nbsp;presidente Andr\u00e9s Manuel L\u00f3pez Obrador&nbsp;record\u00f3 que le falta m\u00e1s y medio para que termine su gobierno. En Palacio Nacional, el Mandatario federal destac\u00f3 que su&nbsp;conferencia ma\u00f1anera&nbsp;se llevar\u00e1 a cabo hasta el \u00faltimo d\u00eda de su sexenio que ser\u00e1 [&hellip;]<\/p>\n","protected":false},"author":35,"featured_media":156722,"comment_status":"closed","ping_status":"open","sticky":false,"template":"","format":"standard","meta":{"_monsterinsights_skip_tracking":false,"footnotes":""},"categories":[157],"tags":[188,505,162,6913],"class_list":["post-157403","post","type-post","status-publish","format-standard","has-post-thumbnail","hentry","category-nacional","tag-amlo","tag-mananera","tag-portada","tag-sexenio","wp-image-borders"],"amp_enabled":true,"_links":{"self":[{"href":"https:\/\/nvnoticias.mx\/index.php\/wp-json\/wp\/v2\/posts\/157403","targetHints":{"allow":["GET"]}}],"collection":[{"href":"https:\/\/nvnoticias.mx\/index.php\/wp-json\/wp\/v2\/posts"}],"about":[{"href":"https:\/\/nvnoticias.mx\/index.php\/wp-json\/wp\/v2\/types\/post"}],"author":[{"embeddable":true,"href":"https:\/\/nvnoticias.mx\/index.php\/wp-json\/wp\/v2\/users\/35"}],"replies":[{"embeddable":true,"href":"https:\/\/nvnoticias.mx\/index.php\/wp-json\/wp\/v2\/comments?post=157403"}],"version-history":[{"count":1,"href":"https:\/\/nvnoticias.mx\/index.php\/wp-json\/wp\/v2\/posts\/157403\/revisions"}],"predecessor-version":[{"id":157404,"href":"https:\/\/nvnoticias.mx\/index.php\/wp-json\/wp\/v2\/posts\/157403\/revisions\/157404"}],"wp:featuredmedia":[{"embeddable":true,"href":"https:\/\/nvnoticias.mx\/index.php\/wp-json\/wp\/v2\/media\/156722"}],"wp:attachment":[{"href":"https:\/\/nvnoticias.mx\/index.php\/wp-json\/wp\/v2\/media?parent=157403"}],"wp:term":[{"taxonomy":"category","embeddable":true,"href":"https:\/\/nvnoticias.mx\/index.php\/wp-json\/wp\/v2\/categories?post=157403"},{"taxonomy":"post_tag","embeddable":true,"href":"https:\/\/nvnoticias.mx\/index.php\/wp-json\/wp\/v2\/tags?post=157403"}],"curies":[{"name":"wp","href":"https:\/\/api.w.org\/{rel}","templated":true}]}}