{"id":157378,"date":"2024-08-14T16:08:43","date_gmt":"2024-08-14T22:08:43","guid":{"rendered":"https:\/\/nvnoticias.mx\/?p=157378"},"modified":"2024-08-14T16:08:44","modified_gmt":"2024-08-14T22:08:44","slug":"valida-tepjf-eleccion-presidencial-y-declara-a-sheinbaum-presidenta-electa","status":"publish","type":"post","link":"https:\/\/nvnoticias.mx\/index.php\/2024\/08\/14\/valida-tepjf-eleccion-presidencial-y-declara-a-sheinbaum-presidenta-electa\/","title":{"rendered":"Valida TEPJF elecci\u00f3n presidencial y declara a Sheinbaum presidenta electa"},"content":{"rendered":"\n<p>El Tribunal Electoral reconoci\u00f3 el triunfo de Claudia Sheinbaum como presidenta electa con 35 millones 924 mil 519 votos, el 59.76 por ciento del total, y declar\u00f3 la validez de la elecci\u00f3n presidencial y la elegibilidad de la morenista, al cumplir con todos los requisitos legales para asumir la Presidencia de la Rep\u00fablica.<\/p>\n\n\n\n<blockquote class=\"wp-block-quote is-layout-flow wp-block-quote-is-layout-flow\">\n<p>\u201cSe declara v\u00e1lida la elecci\u00f3n ya que se considera que fue libre, aut\u00e9ntica y peri\u00f3dica y cumple con los requisitos de certeza, legalidad, independencia, imparcialidad, m\u00e1xima publicidad e integridad.<br><\/p>\n<\/blockquote>\n\n\n\n<p>\u201cSe determina que la ciudadana Claudia Sheinbaum cumple con los requisitos de elegibilidad. Satisface los requisitos constitucionalmente previstos para ser presidenta de los Estados Unidos Mexicanos\u201d, concluy\u00f3 la Sala Superior del Tribunal Electoral del Poder Judicial de la Federaci\u00f3n.<br>La sentencia reconoci\u00f3 la legalidad de todas las etapas del proceso, el que se instalaron el 99.9 por ciento de 170 mil 181 casillas previstas, que s\u00f3lo en 27 se cancel\u00f3 la votaci\u00f3n y que se tuvo la participaci\u00f3n de 60 millones 115 mil 184 ciudadanas y ciudadanos.<\/p>\n\n\n\n<p>Por unanimidad, las magistraturas reconocieron por unanimidad, que el triunfo de Claudia Sheinbuam, candidata de la coalici\u00f3n \u2018Sigamos Haciendo Historia\u2019 de Morena-PT-PVEM fue \u201ccontundente\u201d y se refleja \u201ccabalmente la voluntad de la ciudadan\u00eda\u201d de que sea ella, quien asuma la titularidad del Poder Ejecutivo.<\/p>\n\n\n\n<p>La magistrada presidenta M\u00f3nica Soto destac\u00f3 que \u201cla historia nos da cuenta que estamos en el proceso electoral m\u00e1s grande que M\u00e9xico haya vivido, el m\u00e1s inclusivo y m\u00e1s paritario en la memoria de nuestro pa\u00eds, siendo su principal fuente de grandeza el engranaje de una cultura democr\u00e1tica. La elecci\u00f3n fue v\u00e1lida en cada una de las etapas, desde la preparaci\u00f3n, la organizaci\u00f3n, la jornada electoral, sus resultados y las controversias de inconformidad.<\/p>\n\n\n\n<p>\u201cLa primera mujer presidenta de M\u00e9xico en un hecho sin precedentes, es la constante lucha de las mujeres por alcanzar mejores espacios en la lucha pol\u00edtica, es resultado de la reivindicaci\u00f3n que odas las mujeres con su lucha incesante no han claudicado nunca. Pasamos de una recomendaci\u00f3n sutil a los partidos para incluirlas en sus asignaciones, hasta llegar a la salvaguarda de la paridad total. Ni un paso atr\u00e1s\u201d.<\/p>\n\n\n\n<p>Se logra la transici\u00f3n del poder pac\u00edfica y se da paso a una nueva etapa de estabilidad pol\u00edtica nacional. Hemos cumplido a cabalidad con nuestra responsabilidad. Nos congratulamos en dar cuenta que el proceso electoral federal se llev\u00f3 a cabo en apego a los est\u00e1ndares democr\u00e1ticos de integridad electoral. Podemos decirle a M\u00e9xico y al mundo que hemos cumplido, M\u00e9xico vive en democracia\u201d.<br>Soto destac\u00f3 c\u00f3mo se han ido rompiendo los techos de cristal, con mujeres encabezando las c\u00e1maras del legislativo, la Suprema Corte de Justicia de la Naci\u00f3n, el INE, el Tribunal Electoral y ahora, la Presidencia de la Rep\u00fablica, e hizo un reconocimiento a X\u00f3chitl G\u00e1lvez por haber contribuido a la pol\u00edtica paritaria.<\/p>\n\n\n\n<p>La magistrada provisional Claudia Valle recalc\u00f3 que el triunfo de Sheinbaum es \u201cinequ\u00edvoco\u201d, y Felipe de la Mata destac\u00f3 que incluso sumando los votos de X\u00f3chitl G\u00e1lvez y de Jorge \u00c1lvarez M\u00e1ynez, la diferencia con Claudia Sheinbaum ser\u00eda de m\u00e1s de 20 puntos.<\/p>\n\n\n\n<p>Felipe Fuentes agreg\u00f3 que \u201cla elecci\u00f3n no s\u00f3lo fue legal y transparente sino que tambi\u00e9n corresponde a una voluntad ciudadana expresada con claridad en las urnas, la amplia diferencia demuestra que la elecci\u00f3n fue genuina y resultado del deseo del electorado.<\/p>\n\n\n\n<p>Fuente: <a href=\"https:\/\/www.milenio.com\/politica\/tribunal-electoral-valida-eleccion-presidencial-mexico\" data-type=\"link\" data-id=\"https:\/\/www.milenio.com\/politica\/tribunal-electoral-valida-eleccion-presidencial-mexico\">Milenio<\/a><\/p>\n","protected":false},"excerpt":{"rendered":"<p>El Tribunal Electoral reconoci\u00f3 el triunfo de Claudia Sheinbaum como presidenta electa con 35 millones 924 mil 519 votos, el 59.76 por ciento del total, y declar\u00f3 la validez de la elecci\u00f3n presidencial y la elegibilidad de la morenista, al cumplir con todos los requisitos legales para asumir la Presidencia de la Rep\u00fablica. \u201cSe declara [&hellip;]<\/p>\n","protected":false},"author":35,"featured_media":20251,"comment_status":"open","ping_status":"open","sticky":false,"template":"","format":"standard","meta":{"_monsterinsights_skip_tracking":false,"_monsterinsights_sitenote_active":false,"_monsterinsights_sitenote_note":"","_monsterinsights_sitenote_category":0,"footnotes":""},"categories":[158],"tags":[2801,162,1791],"class_list":["post-157378","post","type-post","status-publish","format-standard","has-post-thumbnail","hentry","category-politica","tag-claudia-sheinbaum","tag-portada","tag-tepjf","wp-image-borders"],"amp_enabled":true,"_links":{"self":[{"href":"https:\/\/nvnoticias.mx\/index.php\/wp-json\/wp\/v2\/posts\/157378","targetHints":{"allow":["GET"]}}],"collection":[{"href":"https:\/\/nvnoticias.mx\/index.php\/wp-json\/wp\/v2\/posts"}],"about":[{"href":"https:\/\/nvnoticias.mx\/index.php\/wp-json\/wp\/v2\/types\/post"}],"author":[{"embeddable":true,"href":"https:\/\/nvnoticias.mx\/index.php\/wp-json\/wp\/v2\/users\/35"}],"replies":[{"embeddable":true,"href":"https:\/\/nvnoticias.mx\/index.php\/wp-json\/wp\/v2\/comments?post=157378"}],"version-history":[{"count":1,"href":"https:\/\/nvnoticias.mx\/index.php\/wp-json\/wp\/v2\/posts\/157378\/revisions"}],"predecessor-version":[{"id":157379,"href":"https:\/\/nvnoticias.mx\/index.php\/wp-json\/wp\/v2\/posts\/157378\/revisions\/157379"}],"wp:featuredmedia":[{"embeddable":true,"href":"https:\/\/nvnoticias.mx\/index.php\/wp-json\/wp\/v2\/media\/20251"}],"wp:attachment":[{"href":"https:\/\/nvnoticias.mx\/index.php\/wp-json\/wp\/v2\/media?parent=157378"}],"wp:term":[{"taxonomy":"category","embeddable":true,"href":"https:\/\/nvnoticias.mx\/index.php\/wp-json\/wp\/v2\/categories?post=157378"},{"taxonomy":"post_tag","embeddable":true,"href":"https:\/\/nvnoticias.mx\/index.php\/wp-json\/wp\/v2\/tags?post=157378"}],"curies":[{"name":"wp","href":"https:\/\/api.w.org\/{rel}","templated":true}]}}