{"id":157300,"date":"2024-08-13T14:49:14","date_gmt":"2024-08-13T20:49:14","guid":{"rendered":"https:\/\/nvnoticias.mx\/?p=157300"},"modified":"2024-08-13T14:49:16","modified_gmt":"2024-08-13T20:49:16","slug":"a-pesar-de-que-la-ley-monse-fue-dictaminada-aun-no-ha-sido-aprobada","status":"publish","type":"post","link":"https:\/\/nvnoticias.mx\/index.php\/2024\/08\/13\/a-pesar-de-que-la-ley-monse-fue-dictaminada-aun-no-ha-sido-aprobada\/","title":{"rendered":"A pesar de que la Ley Monse fue dictaminada, a\u00fan no ha sido aprobada"},"content":{"rendered":"\n<p><\/p>\n\n\n\n<p><strong>Jes\u00fas Utrilla \/ NV Noticias<\/strong><\/p>\n\n\n\n<p> A pesar de que la Ley Monse fue dictaminada, a\u00fan no ha sido aprobada, y la diputada local Anil\u00fa Ingram Vallines ha indicado que se est\u00e1n llevando a cabo gestiones para asegurar su aprobaci\u00f3n antes de que termine el actual periodo legislativo. <\/p>\n\n\n\n<p>Ingram Vallines subray\u00f3 que, hace dos semanas, se aprobaron dos importantes iniciativas: una para proteger a ni\u00f1as y mujeres en espacios p\u00fablicos y otra, la Ley \u00c1cida, que establece penas de 25 a 45 a\u00f1os para quienes cometan este delito.<\/p>\n\n\n\n<p>La diputada enfatiz\u00f3 que la Ley Monse es solo una de muchas leyes necesarias para Veracruz, destacando el trabajo de diversos diputados de diferentes fracciones legislativas. <\/p>\n\n\n\n<p>Tambi\u00e9n mencion\u00f3 que la Ley de Violencia Vicaria est\u00e1 pendiente de aprobaci\u00f3n y espera que se logre en las pr\u00f3ximas semanas, aunque reconoci\u00f3 que se requiere de voluntad y compromiso para avanzar en estas reformas.<\/p>\n\n\n\n<p>Ingram Vallines expres\u00f3 su intenci\u00f3n de hacer todo lo posible para que estas iniciativas se concreten antes del cierre de la legislatura el 4 de noviembre. <\/p>\n\n\n\n<p>Adem\u00e1s, anunci\u00f3 que apoyar\u00e1 a los gobiernos de Roc\u00edo Nahle Garc\u00eda y Claudia Sheinbaum Pardo en sus respectivos roles. <\/p>\n\n\n\n<p>La diputada tambi\u00e9n visit\u00f3 el Consejo Coordinador Empresarial Veracruz-Boca del R\u00edo, reafirmando su compromiso con el desarrollo regional.<\/p>\n","protected":false},"excerpt":{"rendered":"<p>Jes\u00fas Utrilla \/ NV Noticias A pesar de que la Ley Monse fue dictaminada, a\u00fan no ha sido aprobada, y la diputada local Anil\u00fa Ingram Vallines ha indicado que se est\u00e1n llevando a cabo gestiones para asegurar su aprobaci\u00f3n antes de que termine el actual periodo legislativo. Ingram Vallines subray\u00f3 que, hace dos semanas, se [&hellip;]<\/p>\n","protected":false},"author":8,"featured_media":157302,"comment_status":"open","ping_status":"open","sticky":false,"template":"","format":"standard","meta":{"_monsterinsights_skip_tracking":false,"_monsterinsights_sitenote_active":false,"_monsterinsights_sitenote_note":"","_monsterinsights_sitenote_category":0,"footnotes":""},"categories":[154],"tags":[382,18936],"class_list":["post-157300","post","type-post","status-publish","format-standard","has-post-thumbnail","hentry","category-veracruz","tag-anilu-ingram","tag-ley-monse","wp-image-borders"],"amp_enabled":true,"_links":{"self":[{"href":"https:\/\/nvnoticias.mx\/index.php\/wp-json\/wp\/v2\/posts\/157300","targetHints":{"allow":["GET"]}}],"collection":[{"href":"https:\/\/nvnoticias.mx\/index.php\/wp-json\/wp\/v2\/posts"}],"about":[{"href":"https:\/\/nvnoticias.mx\/index.php\/wp-json\/wp\/v2\/types\/post"}],"author":[{"embeddable":true,"href":"https:\/\/nvnoticias.mx\/index.php\/wp-json\/wp\/v2\/users\/8"}],"replies":[{"embeddable":true,"href":"https:\/\/nvnoticias.mx\/index.php\/wp-json\/wp\/v2\/comments?post=157300"}],"version-history":[{"count":1,"href":"https:\/\/nvnoticias.mx\/index.php\/wp-json\/wp\/v2\/posts\/157300\/revisions"}],"predecessor-version":[{"id":157301,"href":"https:\/\/nvnoticias.mx\/index.php\/wp-json\/wp\/v2\/posts\/157300\/revisions\/157301"}],"wp:featuredmedia":[{"embeddable":true,"href":"https:\/\/nvnoticias.mx\/index.php\/wp-json\/wp\/v2\/media\/157302"}],"wp:attachment":[{"href":"https:\/\/nvnoticias.mx\/index.php\/wp-json\/wp\/v2\/media?parent=157300"}],"wp:term":[{"taxonomy":"category","embeddable":true,"href":"https:\/\/nvnoticias.mx\/index.php\/wp-json\/wp\/v2\/categories?post=157300"},{"taxonomy":"post_tag","embeddable":true,"href":"https:\/\/nvnoticias.mx\/index.php\/wp-json\/wp\/v2\/tags?post=157300"}],"curies":[{"name":"wp","href":"https:\/\/api.w.org\/{rel}","templated":true}]}}