{"id":157290,"date":"2024-08-13T13:40:02","date_gmt":"2024-08-13T19:40:02","guid":{"rendered":"https:\/\/nvnoticias.mx\/?p=157290"},"modified":"2024-08-13T13:40:04","modified_gmt":"2024-08-13T19:40:04","slug":"modifica-taylor-swift-un-importante-detalle-de-su-eras-tour-tras-amenaza-terrorista","status":"publish","type":"post","link":"https:\/\/nvnoticias.mx\/index.php\/2024\/08\/13\/modifica-taylor-swift-un-importante-detalle-de-su-eras-tour-tras-amenaza-terrorista\/","title":{"rendered":"Modifica Taylor Swift un importante detalle de su Eras Tour tras amenaza terrorista"},"content":{"rendered":"\n<p>Taylor Swift\u00a0modific\u00f3 los horarios de sus espect\u00e1culos de su\u00a0<strong>Eras Tour<\/strong>\u00a0en el\u00a0<strong>Wembley Stadium<\/strong>\u00a0de Londres, tras la desarticulaci\u00f3n de un\u00a0<strong>complot terrorista en Viena<\/strong>. La cantante se presentar\u00e1 durante cinco noches en el estadio entre el 15 y el 20 de agosto.<\/p>\n\n\n\n<p>Seg\u00fan la p\u00e1gina oficial del estadio,\u00a0<strong>los fans podr\u00e1n ingresar antes del horario habitual<\/strong>\u00a0y, por ende, el espect\u00e1culo terminar\u00e1 antes. Esto se produce despu\u00e9s de un atentado descubierto en Viena que llev\u00f3 al\u00a0<strong>arresto de tres personas\u00a0<\/strong>que planeaban un ataque terrorista durante el concierto. <\/p>\n\n\n\n<p>El alcalde<strong>\u00a0Sadiq Khan<\/strong>\u00a0asegur\u00f3 que los conciertos de Swift en Wembley \u201c<strong>se llevar\u00e1n a cabo trabajando en estrecha colaboraci\u00f3n con la polic\u00eda\u00a0<\/strong>(y) asegurando que los conciertos de Taylor Swift puedan tener lugar en Londres de manera segura\u201d.<\/p>\n\n\n\n<p>El site oficial de&nbsp;<strong>Wembley Stadium<\/strong>&nbsp;menciona que&nbsp;<strong>abrir\u00e1 sus puertas a las 15:15<\/strong>, para entrada anticipada, y a las 16:00 para entrada general el 15 de agosto.<\/p>\n\n\n\n<p>En las noches del 16 y 17 de agosto, la apertura ser\u00e1 a las 15:45 y 16:15, respectivamente. Para los espect\u00e1culos del 19 y 20 de agosto, la entrada anticipada ser\u00e1 a las 15:30 y la general a las 16:15.<\/p>\n\n\n\n<p>La cancelaci\u00f3n de los conciertos en Viena vino de la mano del organizador,\u00a0<strong>Barracuda Music<\/strong>, quien indic\u00f3 que \u201c<strong>no tuvo m\u00e1s opci\u00f3n que cancelarlos por la seguridad de todos<\/strong>\u201d.<\/p>\n\n\n\n<p>Seg\u00fan Sky News, el principal sospechoso, de 19 a\u00f1os, confes\u00f3 haber planeado&nbsp;<strong>un ataque con cuchillos o explosivos caseros<\/strong>&nbsp;fuera del Ernst Happel Stadium, buscando causar el mayor n\u00famero de v\u00edctimas posible.<\/p>\n\n\n\n<p>La polic\u00eda encontr\u00f3 en su casa qu\u00edmicos, explosivos, cuchillos y machetes. Tambi\u00e9n fue detenido en Viena un segundo sospechoso, y posteriormente se arrest\u00f3 un tercero vinculado con el complot.<\/p>\n\n\n\n<p>Los teloneros de gira para las noches en Wembley incluyen a\u00a0<strong>Raye, Holly Humberstone, Suki Waterhouse y Paramore<\/strong>.<\/p>\n\n\n\n<p>Una advertencia para los fans sin entradas fue emitida por la&nbsp;<strong>BBC<\/strong>, indicando que no se permitir\u00eda a nadie permanecer fuera del estadio durante los conciertos: \u201cPara apoyar la entrada y salida seguras de todos,&nbsp;<strong>no se permitir\u00e1 a nadie permanecer fuera de cualquier ingreso<\/strong>\u201d.<\/p>\n\n\n\n<p>Dicha prohibici\u00f3n surgi\u00f3 despu\u00e9s de que&nbsp;<strong>miles de fan\u00e1ticos se congregaran<\/strong>&nbsp;alrededor de otros conciertos de Swift en Europa.<\/p>\n\n\n\n<p>El portal TMZ revel\u00f3 que las autoridades londinenses y el estadio de Wembley est\u00e1n implementando medidas de seguridad adicionales, incluyendo&nbsp;<strong>personal especializado en antiterrorismo<\/strong>.<\/p>\n","protected":false},"excerpt":{"rendered":"<p>Taylor Swift\u00a0modific\u00f3 los horarios de sus espect\u00e1culos de su\u00a0Eras Tour\u00a0en el\u00a0Wembley Stadium\u00a0de Londres, tras la desarticulaci\u00f3n de un\u00a0complot terrorista en Viena. La cantante se presentar\u00e1 durante cinco noches en el estadio entre el 15 y el 20 de agosto. Seg\u00fan la p\u00e1gina oficial del estadio,\u00a0los fans podr\u00e1n ingresar antes del horario habitual\u00a0y, por ende, el [&hellip;]<\/p>\n","protected":false},"author":35,"featured_media":103155,"comment_status":"open","ping_status":"open","sticky":false,"template":"","format":"standard","meta":{"_monsterinsights_skip_tracking":false,"_monsterinsights_sitenote_active":false,"_monsterinsights_sitenote_note":"","_monsterinsights_sitenote_category":0,"footnotes":""},"categories":[576],"tags":[30725,4135,20707],"class_list":["post-157290","post","type-post","status-publish","format-standard","has-post-thumbnail","hentry","category-ocio","tag-amenaza-terrorista","tag-taylor-swift","tag-the-eras-tour","wp-image-borders"],"amp_enabled":true,"_links":{"self":[{"href":"https:\/\/nvnoticias.mx\/index.php\/wp-json\/wp\/v2\/posts\/157290","targetHints":{"allow":["GET"]}}],"collection":[{"href":"https:\/\/nvnoticias.mx\/index.php\/wp-json\/wp\/v2\/posts"}],"about":[{"href":"https:\/\/nvnoticias.mx\/index.php\/wp-json\/wp\/v2\/types\/post"}],"author":[{"embeddable":true,"href":"https:\/\/nvnoticias.mx\/index.php\/wp-json\/wp\/v2\/users\/35"}],"replies":[{"embeddable":true,"href":"https:\/\/nvnoticias.mx\/index.php\/wp-json\/wp\/v2\/comments?post=157290"}],"version-history":[{"count":1,"href":"https:\/\/nvnoticias.mx\/index.php\/wp-json\/wp\/v2\/posts\/157290\/revisions"}],"predecessor-version":[{"id":157291,"href":"https:\/\/nvnoticias.mx\/index.php\/wp-json\/wp\/v2\/posts\/157290\/revisions\/157291"}],"wp:featuredmedia":[{"embeddable":true,"href":"https:\/\/nvnoticias.mx\/index.php\/wp-json\/wp\/v2\/media\/103155"}],"wp:attachment":[{"href":"https:\/\/nvnoticias.mx\/index.php\/wp-json\/wp\/v2\/media?parent=157290"}],"wp:term":[{"taxonomy":"category","embeddable":true,"href":"https:\/\/nvnoticias.mx\/index.php\/wp-json\/wp\/v2\/categories?post=157290"},{"taxonomy":"post_tag","embeddable":true,"href":"https:\/\/nvnoticias.mx\/index.php\/wp-json\/wp\/v2\/tags?post=157290"}],"curies":[{"name":"wp","href":"https:\/\/api.w.org\/{rel}","templated":true}]}}