{"id":157280,"date":"2024-08-13T13:13:57","date_gmt":"2024-08-13T19:13:57","guid":{"rendered":"https:\/\/nvnoticias.mx\/?p=157280"},"modified":"2024-08-13T13:13:59","modified_gmt":"2024-08-13T19:13:59","slug":"sheinbaum-celebrara-entrega-de-constancia-como-presidenta-electa-en-el-teatro-metropolitan","status":"publish","type":"post","link":"https:\/\/nvnoticias.mx\/index.php\/2024\/08\/13\/sheinbaum-celebrara-entrega-de-constancia-como-presidenta-electa-en-el-teatro-metropolitan\/","title":{"rendered":"Sheinbaum celebrar\u00e1 entrega de constancia como presidenta electa en el Teatro Metropolitan"},"content":{"rendered":"\n<p>La presidenta electa,\u00a0<strong>Claudia Sheinbaum Pardo<\/strong>, celebr\u00f3 que el\u00a0<strong>Tribunal Electoral del Poder Judicial de la Federaci\u00f3n<\/strong>\u00a0(TEPJF) no invalid\u00f3 el resultado de las elecciones del 2 de junio pasado y reconociera el n\u00famero de votos a su favor, los cuales le dieron el triunfo para convertirse en la primera mujer en ser titular del Poder Ejecutivo.<\/p>\n\n\n\n<p>En su conferencia de prensa de esta ma\u00f1ana, la tambi\u00e9n exjefa de Gobierno de la Ciudad de M\u00e9xico adelant\u00f3 algunos detalles sobre\u00a0<strong>c\u00f3mo y d\u00f3nde ser\u00e1 la ceremonia<\/strong>\u00a0para recibir su constancia como presidenta electa, prevista para el pr\u00f3ximo jueves 15 de agosto.<\/p>\n\n\n\n<p>De acuerdo con Sheinbaum Pardo, el Tribunal Electoral le entregar\u00e1 su constancia como presidenta electa en un\u00a0<strong>auditorio dentro de las instalaciones del organismo<\/strong>, en presencia de los integrantes de su pr\u00f3ximo gabinete principal y el ampliado, entre otros invitados, frente a los cuales dar\u00e1 un breve discurso.<\/p>\n\n\n\n<blockquote class=\"wp-block-quote is-layout-flow wp-block-quote-is-layout-flow\">\n<p>\u201cMe da gusto que el Tribunal no haya cedido ante presiones y que haya hecho una valoraci\u00f3n de la voluntad popular, m\u00e1s all\u00e1 de Morena, de mi persona, reconoci\u00f3 el numero de votos que tuvimos, tal cual lo hizo el computo distrital como lo present\u00f3 el INE y creo que es una buena decisi\u00f3n, es un reconocimiento a la voluntad popular a la decisi\u00f3n del pueblo de M\u00e9xico y el jueves vamos a estar ah\u00ed.<\/p>\n<\/blockquote>\n\n\n\n<blockquote class=\"wp-block-quote is-layout-flow wp-block-quote-is-layout-flow\">\n<p>\u201cMe van a entregar ya, no s\u00e9 si llama la constancia, la formalidad de presidenta electa, vamos a ir al Tribunal, es un auditorio peque\u00f1o, ah\u00ed va a estar el gabinete, el gabinete ampliado, se ha hecho publico, tambi\u00e9n hay invitados del propio tribunal, ah\u00ed me van a dar la palabra el Tribunal\u201d, adelant\u00f3.<\/p>\n<\/blockquote>\n\n\n\n<p>Destac\u00f3 que posteriormente, se trasladar\u00e1 al&nbsp;<strong>Teatro Metropolitan<\/strong>, para celebrar la entrega de su constancia con un mayor n\u00famero de invitados, entre los cuales estar\u00e1n diputados y senadores de Morena, as\u00ed como los miembros de su pr\u00f3ximo gabinete, como un festejo en el que se presentar\u00e1n los lineamientos y las acciones que se implementar\u00e1n para llevar acabo el \u201csegundo piso de la transformaci\u00f3n\u201d.<\/p>\n\n\n\n<blockquote class=\"wp-block-quote is-layout-flow wp-block-quote-is-layout-flow\">\n<p>\u201cY despu\u00e9s vamos al Metropolitan, vamos a tener un evento donde estamos invitando a diputadas, diputados electos, senadores, senadoras y al propio gabinete y algunos invitados m\u00e1s, para hacer una no es un gran mitin, un reconocimiento y un festejo de este triunfo que tuvimos entre todos y todas y los lineamientos hacia adelante, todo lo que vamos a hacer juntos, por que vienen las reformas constitucionales y otras acciones que vamos a desarrollar, nos va a tocar, como ya lo hemos dicho, el segundo piso de la transformaci\u00f3n\u201d, puntualiz\u00f3.<\/p>\n<\/blockquote>\n\n\n\n<p>Ayer, la Sala Superior del Tribunal Electoral determin\u00f3 que el triunfo de Claudia Sheinbaum en la elecci\u00f3n del pasado 2 de junio al cargo de Presidenta de M\u00e9xico es leg\u00edtimo y desestim\u00f3 la petici\u00f3n de la nulidad por supuestas irregularidades, que present\u00f3 la oposici\u00f3n.<\/p>\n\n\n\n<p>Tras la decisi\u00f3n, el TEPJF declarar\u00e1 oficialmente la validez y calificaci\u00f3n de la elecci\u00f3n presidencial el mi\u00e9rcoles, y un d\u00eda despu\u00e9s entregar\u00e1 a Sheinbaum la constancia de Presidenta electa.<\/p>\n\n\n\n<blockquote class=\"wp-block-quote is-layout-flow wp-block-quote-is-layout-flow\">\n<p>\u201cEs evidente que de las demandas son deficientes para acreditar los hechos supuestamente irregulares para anular la elecci\u00f3n de la persona titular del cargo de la Presidencia de los Estados Unidos Mexicanos\u201d, declararon los magistrados en su resoluci\u00f3n.<\/p>\n<\/blockquote>\n\n\n\n<p>Fuente:<a href=\"https:\/\/www.infobae.com\/mexico\/2024\/08\/13\/sheinbaum-celebrara-entrega-de-constancia-como-presidenta-electa-en-el-teatro-metropolitan-un-festejo-de-este-triunfo\/\" data-type=\"link\" data-id=\"https:\/\/www.infobae.com\/mexico\/2024\/08\/13\/sheinbaum-celebrara-entrega-de-constancia-como-presidenta-electa-en-el-teatro-metropolitan-un-festejo-de-este-triunfo\/\"> Infobae<\/a><\/p>\n","protected":false},"excerpt":{"rendered":"<p>La presidenta electa,\u00a0Claudia Sheinbaum Pardo, celebr\u00f3 que el\u00a0Tribunal Electoral del Poder Judicial de la Federaci\u00f3n\u00a0(TEPJF) no invalid\u00f3 el resultado de las elecciones del 2 de junio pasado y reconociera el n\u00famero de votos a su favor, los cuales le dieron el triunfo para convertirse en la primera mujer en ser titular del Poder Ejecutivo. En [&hellip;]<\/p>\n","protected":false},"author":35,"featured_media":157281,"comment_status":"open","ping_status":"open","sticky":false,"template":"","format":"standard","meta":{"_monsterinsights_skip_tracking":false,"_monsterinsights_sitenote_active":false,"_monsterinsights_sitenote_note":"","_monsterinsights_sitenote_category":0,"footnotes":""},"categories":[158],"tags":[2801,30723,30724],"class_list":["post-157280","post","type-post","status-publish","format-standard","has-post-thumbnail","hentry","category-politica","tag-claudia-sheinbaum","tag-presidenta-electa","tag-teatro-metropolitan","wp-image-borders"],"amp_enabled":true,"_links":{"self":[{"href":"https:\/\/nvnoticias.mx\/index.php\/wp-json\/wp\/v2\/posts\/157280","targetHints":{"allow":["GET"]}}],"collection":[{"href":"https:\/\/nvnoticias.mx\/index.php\/wp-json\/wp\/v2\/posts"}],"about":[{"href":"https:\/\/nvnoticias.mx\/index.php\/wp-json\/wp\/v2\/types\/post"}],"author":[{"embeddable":true,"href":"https:\/\/nvnoticias.mx\/index.php\/wp-json\/wp\/v2\/users\/35"}],"replies":[{"embeddable":true,"href":"https:\/\/nvnoticias.mx\/index.php\/wp-json\/wp\/v2\/comments?post=157280"}],"version-history":[{"count":1,"href":"https:\/\/nvnoticias.mx\/index.php\/wp-json\/wp\/v2\/posts\/157280\/revisions"}],"predecessor-version":[{"id":157282,"href":"https:\/\/nvnoticias.mx\/index.php\/wp-json\/wp\/v2\/posts\/157280\/revisions\/157282"}],"wp:featuredmedia":[{"embeddable":true,"href":"https:\/\/nvnoticias.mx\/index.php\/wp-json\/wp\/v2\/media\/157281"}],"wp:attachment":[{"href":"https:\/\/nvnoticias.mx\/index.php\/wp-json\/wp\/v2\/media?parent=157280"}],"wp:term":[{"taxonomy":"category","embeddable":true,"href":"https:\/\/nvnoticias.mx\/index.php\/wp-json\/wp\/v2\/categories?post=157280"},{"taxonomy":"post_tag","embeddable":true,"href":"https:\/\/nvnoticias.mx\/index.php\/wp-json\/wp\/v2\/tags?post=157280"}],"curies":[{"name":"wp","href":"https:\/\/api.w.org\/{rel}","templated":true}]}}