{"id":157260,"date":"2024-08-13T11:57:07","date_gmt":"2024-08-13T17:57:07","guid":{"rendered":"https:\/\/nvnoticias.mx\/?p=157260"},"modified":"2024-08-13T11:57:08","modified_gmt":"2024-08-13T17:57:08","slug":"prepara-amlo-nota-diplomatica-para-eu-por-financiamiento-a-claudio-x-gonzalez-y-mcci","status":"publish","type":"post","link":"https:\/\/nvnoticias.mx\/index.php\/2024\/08\/13\/prepara-amlo-nota-diplomatica-para-eu-por-financiamiento-a-claudio-x-gonzalez-y-mcci\/","title":{"rendered":"Prepara AMLO nota diplom\u00e1tica para EU por financiamiento a Claudio X. Gonz\u00e1lez y MCCI"},"content":{"rendered":"\n<p>El presidente\u00a0<strong>Andr\u00e9s Manuel L\u00f3pez Obrador<\/strong>\u00a0adelant\u00f3 que antes de que termine su gobierno, enviar\u00e1 una nota diplom\u00e1tica al gobierno de Estados Unidos porque lleva como un a\u00f1o pidiendo informaci\u00f3n sobre el financiamiento a \u201clas organizaciones\u201d del empresario\u00a0<strong>Claudio. X. Gonz\u00e1lez<\/strong>\u00a0y a\u00a0<strong>Mexicanos contra la Corrupci\u00f3n y la Impunidad\u00a0<\/strong>(MCCI).<\/p>\n\n\n\n<p>En su conferencia ma\u00f1anera de este martes 13 de agosto en Palacio Nacional, L\u00f3pez Obrador asegur\u00f3 que no s\u00f3lo es por M\u00e9xico porque \u201cseguro esto lo est\u00e1n haciendo en otros pa\u00edses, financiando a opositores y es una mala costumbre&#8221;.<\/p>\n\n\n\n<p>Indic\u00f3 que presentar\u00e1 la nota \u201cen buenos t\u00e9rminos, en t\u00e9rminos diplom\u00e1ticos\u201d: \u201cPero s\u00ed puntualizando de que eso no es correcto\u201d.<\/p>\n\n\n\n<blockquote class=\"wp-block-quote is-layout-flow wp-block-quote-is-layout-flow\">\n<p>\u201c\u00bfQu\u00e9 no saben la labor de Claudio X. Gonz\u00e1lez? Y adem\u00e1s es una violaci\u00f3n flagrante a nuestra Constituci\u00f3n, a nuestra soberan\u00eda, no pueden gobiernos extranjeros estar financiando a opositores, y los opositores no deben estar recibiendo dinero de extranjeros\u201d, se\u00f1al\u00f3.<\/p>\n<\/blockquote>\n\n\n\n<p>Coment\u00f3 que antes de presentarla, revisar\u00eda el reporte que se pidi\u00f3 a la Secretar\u00eda de Hacienda sobre los montos. \u201cY ojal\u00e1 nos pudieran informar en qu\u00e9 han usado ese dinero porque la mayor\u00eda de los amparos en contra de las obras p\u00fablicas que hemos realizado, son de esta organizaci\u00f3n\u201d, se\u00f1al\u00f3 al menciona que MCCI es la que impulsa al bloque conservador.<\/p>\n\n\n\n<p>Fuente: <a href=\"https:\/\/www.eluniversal.com.mx\/nacion\/amlo-prepara-nota-diplomatica-para-eu-por-financiamiento-a-claudio-x-gonzalez-y-mcci\/\" data-type=\"link\" data-id=\"https:\/\/www.eluniversal.com.mx\/nacion\/amlo-prepara-nota-diplomatica-para-eu-por-financiamiento-a-claudio-x-gonzalez-y-mcci\/\">El Universal<\/a><\/p>\n","protected":false},"excerpt":{"rendered":"<p>El presidente\u00a0Andr\u00e9s Manuel L\u00f3pez Obrador\u00a0adelant\u00f3 que antes de que termine su gobierno, enviar\u00e1 una nota diplom\u00e1tica al gobierno de Estados Unidos porque lleva como un a\u00f1o pidiendo informaci\u00f3n sobre el financiamiento a \u201clas organizaciones\u201d del empresario\u00a0Claudio. X. Gonz\u00e1lez\u00a0y a\u00a0Mexicanos contra la Corrupci\u00f3n y la Impunidad\u00a0(MCCI). En su conferencia ma\u00f1anera de este martes 13 de agosto [&hellip;]<\/p>\n","protected":false},"author":35,"featured_media":112396,"comment_status":"open","ping_status":"open","sticky":false,"template":"","format":"standard","meta":{"_monsterinsights_skip_tracking":false,"_monsterinsights_sitenote_active":false,"_monsterinsights_sitenote_note":"","_monsterinsights_sitenote_category":0,"footnotes":""},"categories":[158],"tags":[188,6517,183],"class_list":["post-157260","post","type-post","status-publish","format-standard","has-post-thumbnail","hentry","category-politica","tag-amlo","tag-claudio-x-gonzalez-2","tag-estados-unidos","wp-image-borders"],"amp_enabled":true,"_links":{"self":[{"href":"https:\/\/nvnoticias.mx\/index.php\/wp-json\/wp\/v2\/posts\/157260","targetHints":{"allow":["GET"]}}],"collection":[{"href":"https:\/\/nvnoticias.mx\/index.php\/wp-json\/wp\/v2\/posts"}],"about":[{"href":"https:\/\/nvnoticias.mx\/index.php\/wp-json\/wp\/v2\/types\/post"}],"author":[{"embeddable":true,"href":"https:\/\/nvnoticias.mx\/index.php\/wp-json\/wp\/v2\/users\/35"}],"replies":[{"embeddable":true,"href":"https:\/\/nvnoticias.mx\/index.php\/wp-json\/wp\/v2\/comments?post=157260"}],"version-history":[{"count":1,"href":"https:\/\/nvnoticias.mx\/index.php\/wp-json\/wp\/v2\/posts\/157260\/revisions"}],"predecessor-version":[{"id":157261,"href":"https:\/\/nvnoticias.mx\/index.php\/wp-json\/wp\/v2\/posts\/157260\/revisions\/157261"}],"wp:featuredmedia":[{"embeddable":true,"href":"https:\/\/nvnoticias.mx\/index.php\/wp-json\/wp\/v2\/media\/112396"}],"wp:attachment":[{"href":"https:\/\/nvnoticias.mx\/index.php\/wp-json\/wp\/v2\/media?parent=157260"}],"wp:term":[{"taxonomy":"category","embeddable":true,"href":"https:\/\/nvnoticias.mx\/index.php\/wp-json\/wp\/v2\/categories?post=157260"},{"taxonomy":"post_tag","embeddable":true,"href":"https:\/\/nvnoticias.mx\/index.php\/wp-json\/wp\/v2\/tags?post=157260"}],"curies":[{"name":"wp","href":"https:\/\/api.w.org\/{rel}","templated":true}]}}