{"id":157209,"date":"2024-08-12T16:15:30","date_gmt":"2024-08-12T22:15:30","guid":{"rendered":"https:\/\/nvnoticias.mx\/?p=157209"},"modified":"2024-08-12T16:15:32","modified_gmt":"2024-08-12T22:15:32","slug":"japon-emite-alerta-por-posible-megaterremoto","status":"publish","type":"post","link":"https:\/\/nvnoticias.mx\/index.php\/2024\/08\/12\/japon-emite-alerta-por-posible-megaterremoto\/","title":{"rendered":"Jap\u00f3n emite alerta por posible megaterremoto"},"content":{"rendered":"\n<p>Despu\u00e9s de que un terremoto de magnitud 7,1 sacudiera las islas del sur de Jap\u00f3n\u00a0el jueves 8 de agosto, la Agencia Meteorol\u00f3gica del pa\u00eds emiti\u00f3 una advertencia sobre la posibilidad de un terremoto a\u00fan m\u00e1s fuerte, lo que aument\u00f3 el riesgo para la regi\u00f3n. \u00a0En respuesta a esta situaci\u00f3n, el viernes 9 de agosto, el primer ministro japon\u00e9s Fumio Kishida decidi\u00f3 cancelar un viaje que ten\u00eda previsto a Asia Central. Kishida anunci\u00f3 que cancelaba su viaje a Kazajist\u00e1n, Uzbekist\u00e1n y Mongolia pues prefer\u00eda quedarse en el pa\u00eds &#8220;durante al menos una semana&#8221; para &#8220;asumir la m\u00e1s alta responsabilidad en materia de gesti\u00f3n de crisis&#8221;. <\/p>\n\n\n\n<p>El &#8220;aviso de megaterremoto&#8221; fue emitido por la ma\u00f1ana por la Agencia Meteorol\u00f3gica de Jap\u00f3n (JMA), en donde mencionaron que existe la posibilidad de que se produzca un sismo de tal magnitud pero no saben cuando vaya a ocurrir. &#8220;La posibilidad de que se produzca un sismo de gran intensidad es m\u00e1s alta de lo normal, pero esto no indica que un gran terremoto vaya a ocurrir con certeza&#8221;, se\u00f1al\u00f3 esta entidad. Esta es la primera vez que las autoridades lanzan un comunicado de este tipo tras la implementaci\u00f3n de un nuevo sistema de alertas que surgi\u00f3 gracias al devastador terremoto ocurrido en el pa\u00eds en 2011, el cual desencaden\u00f3 el accidente nuclear de Kuskushima. Asimismo, el gobierno nip\u00f3n estim\u00f3 previamente que hab\u00eda una posibilidad del 70% de que un megasismo extremara el pa\u00eds en las pr\u00f3ximas tres d\u00e9cadas.\u00a0La sacudida podr\u00eda afectar una parte importante de la costa japonesa en el Pac\u00edfico y amenazar a unas 300,000 personas, seg\u00fan sus expertos. <\/p>\n","protected":false},"excerpt":{"rendered":"<p>Despu\u00e9s de que un terremoto de magnitud 7,1 sacudiera las islas del sur de Jap\u00f3n\u00a0el jueves 8 de agosto, la Agencia Meteorol\u00f3gica del pa\u00eds emiti\u00f3 una advertencia sobre la posibilidad de un terremoto a\u00fan m\u00e1s fuerte, lo que aument\u00f3 el riesgo para la regi\u00f3n. \u00a0En respuesta a esta situaci\u00f3n, el viernes 9 de agosto, el [&hellip;]<\/p>\n","protected":false},"author":35,"featured_media":75033,"comment_status":"open","ping_status":"open","sticky":false,"template":"","format":"standard","meta":{"_monsterinsights_skip_tracking":false,"_monsterinsights_sitenote_active":false,"_monsterinsights_sitenote_note":"","_monsterinsights_sitenote_category":0,"footnotes":""},"categories":[181],"tags":[644],"class_list":["post-157209","post","type-post","status-publish","format-standard","has-post-thumbnail","hentry","category-internacional","tag-japon","wp-image-borders"],"amp_enabled":true,"_links":{"self":[{"href":"https:\/\/nvnoticias.mx\/index.php\/wp-json\/wp\/v2\/posts\/157209","targetHints":{"allow":["GET"]}}],"collection":[{"href":"https:\/\/nvnoticias.mx\/index.php\/wp-json\/wp\/v2\/posts"}],"about":[{"href":"https:\/\/nvnoticias.mx\/index.php\/wp-json\/wp\/v2\/types\/post"}],"author":[{"embeddable":true,"href":"https:\/\/nvnoticias.mx\/index.php\/wp-json\/wp\/v2\/users\/35"}],"replies":[{"embeddable":true,"href":"https:\/\/nvnoticias.mx\/index.php\/wp-json\/wp\/v2\/comments?post=157209"}],"version-history":[{"count":1,"href":"https:\/\/nvnoticias.mx\/index.php\/wp-json\/wp\/v2\/posts\/157209\/revisions"}],"predecessor-version":[{"id":157210,"href":"https:\/\/nvnoticias.mx\/index.php\/wp-json\/wp\/v2\/posts\/157209\/revisions\/157210"}],"wp:featuredmedia":[{"embeddable":true,"href":"https:\/\/nvnoticias.mx\/index.php\/wp-json\/wp\/v2\/media\/75033"}],"wp:attachment":[{"href":"https:\/\/nvnoticias.mx\/index.php\/wp-json\/wp\/v2\/media?parent=157209"}],"wp:term":[{"taxonomy":"category","embeddable":true,"href":"https:\/\/nvnoticias.mx\/index.php\/wp-json\/wp\/v2\/categories?post=157209"},{"taxonomy":"post_tag","embeddable":true,"href":"https:\/\/nvnoticias.mx\/index.php\/wp-json\/wp\/v2\/tags?post=157209"}],"curies":[{"name":"wp","href":"https:\/\/api.w.org\/{rel}","templated":true}]}}