{"id":157153,"date":"2024-08-12T09:06:29","date_gmt":"2024-08-12T15:06:29","guid":{"rendered":"https:\/\/nvnoticias.mx\/?p=157153"},"modified":"2024-08-12T09:06:31","modified_gmt":"2024-08-12T15:06:31","slug":"agosto-el-mes-de-la-vejez","status":"publish","type":"post","link":"https:\/\/nvnoticias.mx\/index.php\/2024\/08\/12\/agosto-el-mes-de-la-vejez\/","title":{"rendered":"Agosto el mes de la vejez"},"content":{"rendered":"\n<p><\/p>\n\n\n\n<p><strong>Gladys P\u00e9rez Maldonado<\/strong><\/p>\n\n\n\n<p>A nivel internacional en 1982 se instituy\u00f3 el mes de agosto como el mes de la vejez; y en nuestro pa\u00eds, en 1998 se determin\u00f3 que el d\u00eda 28 de ese mes ser\u00eda conmemorado el D\u00eda de los Abuelos.<\/p>\n\n\n\n<p>&nbsp;&nbsp;&nbsp;&nbsp;&nbsp;&nbsp;&nbsp;&nbsp;&nbsp;&nbsp;&nbsp; En el a\u00f1o 2020, con la intenci\u00f3n de emplear un lenguaje incluyente, el Instituto Nacional de las Personas Adultas (INAPAM) propuso cambiar en nombre a \u201cD\u00eda Nacional de las Personas Mayores\u201d.<\/p>\n\n\n\n<p>&nbsp;&nbsp;&nbsp;&nbsp;&nbsp;&nbsp;&nbsp;&nbsp;&nbsp;&nbsp;&nbsp; Esta celebraci\u00f3n&nbsp; tiene como objetivo principal brindar a las personas adultas mayores un reconocimiento por su participaci\u00f3n en la familia y potenciales que a lo largo de sus vidas han aportado al desarrollo cultural, social, econ\u00f3mico y pol\u00edtico de la sociedad en sus comunidades.<\/p>\n\n\n\n<p>&nbsp;&nbsp;&nbsp;&nbsp;&nbsp;&nbsp;&nbsp;&nbsp;&nbsp;&nbsp;&nbsp; Las personas publican en redes sociales las mejores&nbsp; fotograf\u00edas -o al menos eso intentan- de las y los abuelos, haciendo alarde de sus cualidades, lo cual no dudamos las tengan o la hayan tenido en vida. Los reci\u00e9n estrenados como tales, agradecen la dicha de tener en sus brazos a las y los reci\u00e9n nacidos.<\/p>\n\n\n\n<p>&nbsp;&nbsp;&nbsp;&nbsp;&nbsp;&nbsp;&nbsp;&nbsp;&nbsp;&nbsp;&nbsp; Algunas otras, manifiestan su inconformidad por celebrarse este d\u00eda con pura intenci\u00f3n de mercadotecnia.<\/p>\n\n\n\n<p>Lo cierto es, que los d\u00edas Internacionales o Mundiales de conmemoraci\u00f3n o celebraci\u00f3n se instituyeron para incentivar y hacer un recuento y llamada de atenci\u00f3n a los Gobiernos y a la misma sociedad de qu\u00e9 falta por hacer o si se ha hecho algo&#8230;<\/p>\n\n\n\n<p>Las personas adultas mayores pertenecen a un grupo altamente vulnerado de atenci\u00f3n prioritaria en la sociedad. La violencia hacia las personas mayores es un problema que se ha visibilizado recientemente, esto, debido a que se mantuvo en el \u00e1mbito privado y en muchas ocasiones enmascarado porque los familiares cercanos son quienes la ejercen y se realiza en la intimidad del hogar, sin dejar de mencionar <em>las casas de descanso<\/em> en donde los familiares pagan para el buen cuidado de ellas y ellos, que resulta en ocasiones un verdadero calvario para las y los abuelitos.<\/p>\n\n\n\n<p>Exist\u00eda un gran desinter\u00e9s sobre los actos u omisiones que se consideran maltrato, por lo que no se le daba -y quiz\u00e1s a\u00fan no se le da- la necesaria atenci\u00f3n para detectarla y menos para atenderla.<\/p>\n\n\n\n<p>Ahora, la gente cercana hace del conocimiento de las autoridades los sucesos de violencia en contra de estas personas indefensas y dependientes de sus violentadores, que por la edad avanzada, fragilidad, marcha lenta, agotamiento, p\u00e9rdida de peso, disminuci\u00f3n de la fuerza muscular, dependencia econ\u00f3mica, miedo y quiz\u00e1s por padecer enfermedades que le impiden manifestarse, callan las vejaciones que sufren diariamente.<\/p>\n\n\n\n<p>De acuerdo con la Organizaci\u00f3n Mundial de la Salud \u201c\u2026el maltrato de las personas mayores es un acto \u00fanico o repetido que causa da\u00f1o o sufrimiento a una persona de edad avanzada, o la falta de medidas apropiadas para evitarlo, que se produce en una relaci\u00f3n basada en la confianza\u2026\u201d<\/p>\n\n\n\n<p>&nbsp;&nbsp;&nbsp;&nbsp;&nbsp;&nbsp;&nbsp;&nbsp;&nbsp;&nbsp;&nbsp; Este tipo de violencia constituye una violaci\u00f3n de los derechos humanos de las personas adultas mayores, e incluye el maltrato f\u00edsico, sexual, psicol\u00f3gico o emocional; la violencia por razones econ\u00f3micas o materiales; el abandono; la negligencia; y el menoscabo grave de la dignidad y la falta de respeto.<\/p>\n\n\n\n<p>&nbsp;&nbsp;&nbsp;&nbsp;&nbsp;&nbsp;&nbsp;&nbsp;&nbsp;&nbsp;&nbsp; De acuerdo con la OMS se dispone de pocos datos sobre el alcance del problema en las instituciones, como los son hospitales, residencias de ancianos y otros centros de atenci\u00f3n cr\u00f3nica. Aun as\u00ed, se\u00f1ala que, en una revisi\u00f3n de estudios recientes sobre este tipo de maltrato en las instituciones, el 64,2% del personal refiri\u00f3 haber cometido alguna forma de maltrato en el a\u00f1o en que se realiz\u00f3 el estudio.<\/p>\n\n\n\n<p>&nbsp;&nbsp;&nbsp;&nbsp;&nbsp;&nbsp;&nbsp;&nbsp;&nbsp;&nbsp;&nbsp; Cada vez son m\u00e1s datos que indican que la prevalencia del maltrato en la vejez, tanto en la comunidad como en las instituciones, aument\u00f3 durante la pandemia de Covid-19.<\/p>\n\n\n\n<p>&nbsp;&nbsp;&nbsp;&nbsp;&nbsp;&nbsp;&nbsp;&nbsp;&nbsp;&nbsp;&nbsp; Aunado a esto, se prev\u00e9 que el maltrato a las personas de edad avanzada aumente, ya que la poblaci\u00f3n est\u00e1 envejeciendo r\u00e1pidamente en muchos pa\u00edses, -con motivo del control de natalidad- , un factor que har\u00e1 que el n\u00famero de casos se incremente con rapidez, incluso si la proporci\u00f3n de v\u00edctimas no var\u00eda: para 2050, la cifra habr\u00e1 aumentado hasta 320 millones, ya que el n\u00famero de personas de 60 a\u00f1os y m\u00e1s habr\u00e1 crecido hasta 2000 millones.<\/p>\n\n\n\n<p>&nbsp;&nbsp;&nbsp;&nbsp;&nbsp;&nbsp;&nbsp;&nbsp;&nbsp;&nbsp;&nbsp; Cabe mencionar, que el 15 de junio de 2015, la Organizaci\u00f3n de los Estados Americanos (OEA), aprob\u00f3 la Convenci\u00f3n Interamericana sobre la Protecci\u00f3n de los Derechos Humanos de las Personas Mayores, el \u00fanico instrumento jur\u00eddico espec\u00edfico interamericano y el primero a nivel internacional en materia de derechos humanos de personas de sesenta a\u00f1os o m\u00e1s, salvo que la ley de cada pa\u00eds determine una edad diferente.<\/p>\n\n\n\n<p>&nbsp;&nbsp;&nbsp;&nbsp;&nbsp;&nbsp;&nbsp;&nbsp;&nbsp;&nbsp;&nbsp; Hasta la fecha los pa\u00edses que ya firmaron la Convenci\u00f3n son Argentina, Bolivia, Brasil, Chile, Colombia, Costa Rica, Ecuador, El Salvador, M\u00e9xico, Per\u00fa Uruguay y Uruguay.<\/p>\n\n\n\n<p>En M\u00e9xico en abril de 2023 qued\u00f3 constituido el Mecanismo de Seguimiento de la Convenci\u00f3n integrado por una Conferencia de Estados Parte y un Comit\u00e9 de Expertos y Expertas.<\/p>\n\n\n\n<p>&nbsp;&nbsp;&nbsp;&nbsp;&nbsp;&nbsp;&nbsp;&nbsp;&nbsp;&nbsp;&nbsp; Salvo la Pensi\u00f3n para el Bienestar como un beneficio a favor de las personas Adultas Mayores, no existe evidencia en el pa\u00eds de la eficacia de diversas estrategias para prevenir y combatir el maltrato de este grupo de atenci\u00f3n prioritaria. Lo cierto es, que tampoco existe conciencia en la poblaci\u00f3n, del problema que enfrenta este grupo vulnerado, con celebraciones \u201crom\u00e1nticas\u201d del D\u00eda de las y los Abuelos no se transparenta la situaci\u00f3n real, se provoca su ocultamiento.<\/p>\n\n\n\n<p>El gobierno es indiferente ante estos hechos, M\u00e9xico debe impulsar una pol\u00edtica p\u00fablica de derechos humanos de las personas adultas mayores encaminada a&nbsp; promover, proteger, asegurar el pleno goce y ejercicio de sus derechos, en condiciones de igualdad que garantice una vida libre de violencia a este grupo de atenci\u00f3n prioritaria\u2026<\/p>\n","protected":false},"excerpt":{"rendered":"<p>Gladys P\u00e9rez Maldonado A nivel internacional en 1982 se instituy\u00f3 el mes de agosto como el mes de la vejez; y en nuestro pa\u00eds, en 1998 se determin\u00f3 que el d\u00eda 28 de ese mes ser\u00eda conmemorado el D\u00eda de los Abuelos. &nbsp;&nbsp;&nbsp;&nbsp;&nbsp;&nbsp;&nbsp;&nbsp;&nbsp;&nbsp;&nbsp; En el a\u00f1o 2020, con la intenci\u00f3n de emplear un lenguaje incluyente, [&hellip;]<\/p>\n","protected":false},"author":45,"featured_media":157154,"comment_status":"open","ping_status":"open","sticky":false,"template":"","format":"standard","meta":{"_monsterinsights_skip_tracking":false,"_monsterinsights_sitenote_active":false,"_monsterinsights_sitenote_note":"","_monsterinsights_sitenote_category":0,"footnotes":""},"categories":[15405],"tags":[15415],"class_list":["post-157153","post","type-post","status-publish","format-standard","has-post-thumbnail","hentry","category-alguien-como-tu","tag-gladys-perez-maldonado","wp-image-borders"],"amp_enabled":true,"_links":{"self":[{"href":"https:\/\/nvnoticias.mx\/index.php\/wp-json\/wp\/v2\/posts\/157153","targetHints":{"allow":["GET"]}}],"collection":[{"href":"https:\/\/nvnoticias.mx\/index.php\/wp-json\/wp\/v2\/posts"}],"about":[{"href":"https:\/\/nvnoticias.mx\/index.php\/wp-json\/wp\/v2\/types\/post"}],"author":[{"embeddable":true,"href":"https:\/\/nvnoticias.mx\/index.php\/wp-json\/wp\/v2\/users\/45"}],"replies":[{"embeddable":true,"href":"https:\/\/nvnoticias.mx\/index.php\/wp-json\/wp\/v2\/comments?post=157153"}],"version-history":[{"count":1,"href":"https:\/\/nvnoticias.mx\/index.php\/wp-json\/wp\/v2\/posts\/157153\/revisions"}],"predecessor-version":[{"id":157155,"href":"https:\/\/nvnoticias.mx\/index.php\/wp-json\/wp\/v2\/posts\/157153\/revisions\/157155"}],"wp:featuredmedia":[{"embeddable":true,"href":"https:\/\/nvnoticias.mx\/index.php\/wp-json\/wp\/v2\/media\/157154"}],"wp:attachment":[{"href":"https:\/\/nvnoticias.mx\/index.php\/wp-json\/wp\/v2\/media?parent=157153"}],"wp:term":[{"taxonomy":"category","embeddable":true,"href":"https:\/\/nvnoticias.mx\/index.php\/wp-json\/wp\/v2\/categories?post=157153"},{"taxonomy":"post_tag","embeddable":true,"href":"https:\/\/nvnoticias.mx\/index.php\/wp-json\/wp\/v2\/tags?post=157153"}],"curies":[{"name":"wp","href":"https:\/\/api.w.org\/{rel}","templated":true}]}}