{"id":157121,"date":"2024-08-11T07:17:00","date_gmt":"2024-08-11T13:17:00","guid":{"rendered":"https:\/\/nvnoticias.mx\/?p=157121"},"modified":"2024-08-10T22:19:05","modified_gmt":"2024-08-11T04:19:05","slug":"insuficiente-ley-de-proteccion-animal-falta-prohibir-las-corridas-de-toros-y-peleas-de-perros-ruben-moreira","status":"publish","type":"post","link":"https:\/\/nvnoticias.mx\/index.php\/2024\/08\/11\/insuficiente-ley-de-proteccion-animal-falta-prohibir-las-corridas-de-toros-y-peleas-de-perros-ruben-moreira\/","title":{"rendered":"Insuficiente Ley de Protecci\u00f3n Animal, falta prohibir las corridas de toros y peleas de perros: Rub\u00e9n&nbsp;Moreira"},"content":{"rendered":"\n<p class=\"amp-sc__font-paragraph\">El diputado federal del PRI,&nbsp;<strong>Rub\u00e9n Moreira Valdez<\/strong>, consider\u00f3 que el dictamen en materia de&nbsp;<strong>protecci\u00f3n y cuidado animal&nbsp;<\/strong>es insuficiente porque a\u00fan est\u00e1 pendiente prohibir las&nbsp;<strong>corridas de toros<\/strong>&nbsp;o las<strong>&nbsp;peleas de perros<\/strong>.&nbsp;<\/p>\n\n\n\n<p class=\"amp-sc__font-paragraph\">\u201cSeamos congruentes, qu\u00e9 diferencia va a haber entre las peleas de gallos y otro tipo de espect\u00e1culos con animales\u201d, enfatiz\u00f3.<\/p>\n\n\n\n<p>Argument\u00f3 que tienen que ser m\u00e1s severos en las<strong>sanciones<\/strong>&nbsp;contra quienes violentan a los animales y por ello adelant\u00f3 que la bancada priista presentar\u00e1 reservas en la discusi\u00f3n que se llevar\u00e1 a cabo en el Pleno. Expuso, como ejemplo, la responsabilidad que debe de tener quien tiene un&nbsp;<strong>animal dom\u00e9stico<\/strong>&nbsp;para no afectar la vida silvestre.<\/p>\n\n\n\n<p>Reiter\u00f3 que se debe ir a lo profundo y destinar adem\u00e1s recursos, al tiempo que pregunt\u00f3 por qu\u00e9 no da mayor protecci\u00f3n y evita el sufrimiento de los animales que consumimos.<\/p>\n\n\n\n<p class=\"amp-sc__font-paragraph\">\u201cNo se habla de las corridas de toros, que son animales que sufren todos los fines de semana en alguna parte. No se habla de las peleas de perros. No se habla de la&nbsp;<strong>violencia animal<\/strong>&nbsp;en muchas cosas\u201d, recalc\u00f3.&nbsp;<\/p>\n\n\n\n<p class=\"amp-sc__font-paragraph\">Moreira Valdez agreg\u00f3 que tampoco se habla de c\u00f3mo se trasladan cientos de kil\u00f3metros a los animales que van a ser<strong>&nbsp;sacrificados&nbsp;<\/strong>con una violencia que no es necesaria, ni se mencionan los procesos de producci\u00f3n de huevo o de pollo, c\u00f3mo se est\u00e1n realizando.<\/p>\n\n\n\n<p>Fuente: <a href=\"https:\/\/www.eluniversal.com.mx\/nacion\/insuficiente-ley-de-proteccion-animal-falta-prohibir-las-corridas-de-toros-y-peleas-de-perros-ruben-moreira\/?outputType=amp\">El Universal<\/a> <\/p>\n","protected":false},"excerpt":{"rendered":"<p>El diputado federal del PRI,&nbsp;Rub\u00e9n Moreira Valdez, consider\u00f3 que el dictamen en materia de&nbsp;protecci\u00f3n y cuidado animal&nbsp;es insuficiente porque a\u00fan est\u00e1 pendiente prohibir las&nbsp;corridas de toros&nbsp;o las&nbsp;peleas de perros.&nbsp; \u201cSeamos congruentes, qu\u00e9 diferencia va a haber entre las peleas de gallos y otro tipo de espect\u00e1culos con animales\u201d, enfatiz\u00f3. Argument\u00f3 que tienen que ser m\u00e1s [&hellip;]<\/p>\n","protected":false},"author":35,"featured_media":33081,"comment_status":"closed","ping_status":"open","sticky":false,"template":"","format":"standard","meta":{"_monsterinsights_skip_tracking":false,"_monsterinsights_sitenote_active":false,"_monsterinsights_sitenote_note":"","_monsterinsights_sitenote_category":0,"footnotes":""},"categories":[158],"tags":[28879,28045,9716],"class_list":["post-157121","post","type-post","status-publish","format-standard","has-post-thumbnail","hentry","category-politica","tag-ley-de-proteccion-animal","tag-ruben-moreira","tag-toros","wp-image-borders"],"amp_enabled":true,"_links":{"self":[{"href":"https:\/\/nvnoticias.mx\/index.php\/wp-json\/wp\/v2\/posts\/157121","targetHints":{"allow":["GET"]}}],"collection":[{"href":"https:\/\/nvnoticias.mx\/index.php\/wp-json\/wp\/v2\/posts"}],"about":[{"href":"https:\/\/nvnoticias.mx\/index.php\/wp-json\/wp\/v2\/types\/post"}],"author":[{"embeddable":true,"href":"https:\/\/nvnoticias.mx\/index.php\/wp-json\/wp\/v2\/users\/35"}],"replies":[{"embeddable":true,"href":"https:\/\/nvnoticias.mx\/index.php\/wp-json\/wp\/v2\/comments?post=157121"}],"version-history":[{"count":1,"href":"https:\/\/nvnoticias.mx\/index.php\/wp-json\/wp\/v2\/posts\/157121\/revisions"}],"predecessor-version":[{"id":157122,"href":"https:\/\/nvnoticias.mx\/index.php\/wp-json\/wp\/v2\/posts\/157121\/revisions\/157122"}],"wp:featuredmedia":[{"embeddable":true,"href":"https:\/\/nvnoticias.mx\/index.php\/wp-json\/wp\/v2\/media\/33081"}],"wp:attachment":[{"href":"https:\/\/nvnoticias.mx\/index.php\/wp-json\/wp\/v2\/media?parent=157121"}],"wp:term":[{"taxonomy":"category","embeddable":true,"href":"https:\/\/nvnoticias.mx\/index.php\/wp-json\/wp\/v2\/categories?post=157121"},{"taxonomy":"post_tag","embeddable":true,"href":"https:\/\/nvnoticias.mx\/index.php\/wp-json\/wp\/v2\/tags?post=157121"}],"curies":[{"name":"wp","href":"https:\/\/api.w.org\/{rel}","templated":true}]}}