{"id":157041,"date":"2024-08-09T15:01:02","date_gmt":"2024-08-09T21:01:02","guid":{"rendered":"https:\/\/nvnoticias.mx\/?p=157041"},"modified":"2024-08-09T15:01:03","modified_gmt":"2024-08-09T21:01:03","slug":"adrian-marcelo-le-desea-lo-peor-a-arath-de-la-torre","status":"publish","type":"post","link":"https:\/\/nvnoticias.mx\/index.php\/2024\/08\/09\/adrian-marcelo-le-desea-lo-peor-a-arath-de-la-torre\/","title":{"rendered":"Adri\u00e1n Marcelo le desea lo peor a Arath de la Torre"},"content":{"rendered":"\n<p><strong>Adri\u00e1n Marcelo&nbsp;<\/strong>sigue dando de qu\u00e9 hablar porque contin\u00faan sus ataques hacia los integrantes del&nbsp;<strong>Cuarto Mar&nbsp;<\/strong>dentro de &#8220;<strong>La casa de los famosos M\u00e9xico<\/strong>&#8220;, sobre todo contra&nbsp;<strong>Gala Montes<\/strong>&nbsp;y&nbsp;<strong>Arath de la Torre<\/strong>.<\/p>\n\n\n\n<p>El influencer regiomontano perdi\u00f3 la inmunidad debido\u00a0al castigo que se les impuso a todos los habitantes por haber hecho complot, por lo que los 13 integrantes del reality est\u00e1n nominados\u00a0y cualquiera de ellos podr\u00eda salir este domingo.<\/p>\n\n\n\n<p>En redes,\u00a0muchos piden la salida de Adri\u00e1n, quien a pesar de haber estudiado psicolog\u00eda ha puesto en duda y se ha burlado de la depresi\u00f3n que padece la actriz Gala Montes y el conductor de &#8220;Hoy&#8221; Arath de la Torre.<\/p>\n\n\n\n<p>El enfrentamiento que Adri\u00e1n Marcelo protagoniz\u00f3 cono Gala Montes el lunes, le vali\u00f3 una llamada de atenci\u00f3n por parte de La Jefa, mientras que afuera de la casa instancias como la Secretar\u00eda de las Mujeres condena la violencia de g\u00e9nero ejercida por el youtuber.<\/p>\n\n\n\n<p>Adri\u00e1n Marcelo no soporta a Arath de la Torre, el conductor de &#8220;Hoy&#8221; que se ha ganado el apoyo de muchos, primero, confes\u00f3 que le gustar\u00eda quedarse en el lugar que tiene dentro del matutino de Televisa, se ha burlado de los problemas de salud mental y ansiedad que padece Arath, y ahora extern\u00f3 frente a sus compa\u00f1eros del Cuarto Tierra, lo que le desea al tambi\u00e9n actor de 49 a\u00f1os.<\/p>\n\n\n\n<blockquote class=\"wp-block-quote is-layout-flow wp-block-quote-is-layout-flow\">\n<p>&#8220;Ojal\u00e1 todas sus pol\u00e9micas le vengan a la mente a la gente para que lo manden directito a la ver**, y que Nicola se quede en su puesto y que venga la declive de ese vato ya&#8221;, extern\u00f3 entre las risas de sus compa\u00f1eros; minutos antes hab\u00edan tenido todos una reuni\u00f3n en la que supuestamente limaron asperezas.<\/p>\n<\/blockquote>\n\n\n\n<p>Arath de la Torre, quien en alg\u00fan momento pens\u00f3 en salirse del reality\u00a0por lo t\u00f3xico que se estaba volviendo en los \u00faltimos d\u00edas, extern\u00f3 su admiraci\u00f3n a Gala Montes por &#8220;no dejarse mangonear por nadie&#8221; y por luchar a pesar de su depresi\u00f3n.<\/p>\n\n\n\n<p>&#8220;Compartimos un padecimiento similar, me identifico contigo, me has ense\u00f1ado much\u00edsimo, pens\u00e9 que no ibas a entrar aqu\u00ed por todo lo que est\u00e1s pasando y sin embargo sigues peleando por tus sue\u00f1os y esto para ti es una prueba dentro de otra prueba, te he aprendido mucho querida Gala, no es casualidad que te llames igual que mi hija&#8221;, extern\u00f3 ante la evidente\u00a0incomodidad de Marcelo, quien se ha ganado muchos votos para ser el siguiente en salir del reality.<\/p>\n\n\n\n<p>Fuente: <a href=\"https:\/\/www.eluniversal.com.mx\/espectaculos\/adrian-marcelo-le-desea-lo-peor-a-arath-de-la-torre-que-venga-la-declive-de-ese-vato\/\" data-type=\"link\" data-id=\"https:\/\/www.eluniversal.com.mx\/espectaculos\/adrian-marcelo-le-desea-lo-peor-a-arath-de-la-torre-que-venga-la-declive-de-ese-vato\/\">El Universal<\/a><\/p>\n","protected":false},"excerpt":{"rendered":"<p>Adri\u00e1n Marcelo&nbsp;sigue dando de qu\u00e9 hablar porque contin\u00faan sus ataques hacia los integrantes del&nbsp;Cuarto Mar&nbsp;dentro de &#8220;La casa de los famosos M\u00e9xico&#8220;, sobre todo contra&nbsp;Gala Montes&nbsp;y&nbsp;Arath de la Torre. El influencer regiomontano perdi\u00f3 la inmunidad debido\u00a0al castigo que se les impuso a todos los habitantes por haber hecho complot, por lo que los 13 integrantes [&hellip;]<\/p>\n","protected":false},"author":35,"featured_media":157042,"comment_status":"open","ping_status":"open","sticky":false,"template":"","format":"standard","meta":{"_monsterinsights_skip_tracking":false,"_monsterinsights_sitenote_active":false,"_monsterinsights_sitenote_note":"","_monsterinsights_sitenote_category":0,"footnotes":""},"categories":[576],"tags":[16710,4671],"class_list":["post-157041","post","type-post","status-publish","format-standard","has-post-thumbnail","hentry","category-ocio","tag-adrian-marcelo","tag-arath-de-la-torre","wp-image-borders"],"amp_enabled":true,"_links":{"self":[{"href":"https:\/\/nvnoticias.mx\/index.php\/wp-json\/wp\/v2\/posts\/157041","targetHints":{"allow":["GET"]}}],"collection":[{"href":"https:\/\/nvnoticias.mx\/index.php\/wp-json\/wp\/v2\/posts"}],"about":[{"href":"https:\/\/nvnoticias.mx\/index.php\/wp-json\/wp\/v2\/types\/post"}],"author":[{"embeddable":true,"href":"https:\/\/nvnoticias.mx\/index.php\/wp-json\/wp\/v2\/users\/35"}],"replies":[{"embeddable":true,"href":"https:\/\/nvnoticias.mx\/index.php\/wp-json\/wp\/v2\/comments?post=157041"}],"version-history":[{"count":1,"href":"https:\/\/nvnoticias.mx\/index.php\/wp-json\/wp\/v2\/posts\/157041\/revisions"}],"predecessor-version":[{"id":157043,"href":"https:\/\/nvnoticias.mx\/index.php\/wp-json\/wp\/v2\/posts\/157041\/revisions\/157043"}],"wp:featuredmedia":[{"embeddable":true,"href":"https:\/\/nvnoticias.mx\/index.php\/wp-json\/wp\/v2\/media\/157042"}],"wp:attachment":[{"href":"https:\/\/nvnoticias.mx\/index.php\/wp-json\/wp\/v2\/media?parent=157041"}],"wp:term":[{"taxonomy":"category","embeddable":true,"href":"https:\/\/nvnoticias.mx\/index.php\/wp-json\/wp\/v2\/categories?post=157041"},{"taxonomy":"post_tag","embeddable":true,"href":"https:\/\/nvnoticias.mx\/index.php\/wp-json\/wp\/v2\/tags?post=157041"}],"curies":[{"name":"wp","href":"https:\/\/api.w.org\/{rel}","templated":true}]}}