{"id":157039,"date":"2024-08-09T14:55:44","date_gmt":"2024-08-09T20:55:44","guid":{"rendered":"https:\/\/nvnoticias.mx\/?p=157039"},"modified":"2024-08-09T14:55:46","modified_gmt":"2024-08-09T20:55:46","slug":"senala-xochitl-galvez-que-reforma-indigena-no-aborda-temas-prioritarios","status":"publish","type":"post","link":"https:\/\/nvnoticias.mx\/index.php\/2024\/08\/09\/senala-xochitl-galvez-que-reforma-indigena-no-aborda-temas-prioritarios\/","title":{"rendered":"Se\u00f1ala X\u00f3chitl G\u00e1lvez que reforma ind\u00edgena no aborda temas prioritarios"},"content":{"rendered":"\n<p>Con motivo al\u00a0<strong>D\u00eda Internacional de los Pueblos Ind\u00edgenas<\/strong>, la excandidata presidencial\u00a0<strong>X\u00f3chitl G\u00e1lvez<\/strong> Ru\u00edz reconoci\u00f3 que la\u00a0<strong>reforma\u00a0<\/strong>en materia de\u00a0<strong>pueblos ind\u00edgenas<\/strong>\u00a0que legisladores est\u00e1n discutiendo en la\u00a0<strong>C\u00e1mara de Diputados<\/strong>, carece de algunos puntos en favor a las comunidades, uno de ellos, es el acceso a recursos p\u00fablicos para garantizar el pleno ejercicio de sus derechos.<\/p>\n\n\n\n<blockquote class=\"wp-block-quote is-layout-flow wp-block-quote-is-layout-flow\">\n<p>\u201cLa reforma Constitucional en materia de<strong>&nbsp;pueblos ind\u00edgenas<\/strong>&nbsp;y&nbsp;<strong>afromexicanos&nbsp;<\/strong>que se est\u00e1 discutiendo en la C\u00e1mara de Diputados sin lugar a dudas tiene avances, sin embargo, en la propuesta no se abordan los siguientes temas\u201d, escribi\u00f3 la senadora panista en su cuenta de X.<\/p>\n<\/blockquote>\n\n\n\n<p>Adem\u00e1s del acceso a recursos p\u00fablicos, G\u00e1lvez Ru\u00edz explic\u00f3 que falta el reconocimiento de las autoridades ind\u00edgenas como iguales al resto de autoridades y el derecho a la representaci\u00f3n pol\u00edtica en el Congreso; y a\u00f1adi\u00f3 otros puntos clave:<\/p>\n\n\n\n<blockquote class=\"wp-block-quote is-layout-flow wp-block-quote-is-layout-flow\">\n<p>\u201cPleno acceso a recursos naturales. -Reconocimiento del ejercicio de la jurisdicci\u00f3n ind\u00edgena para ejercer derechos colectivos. -Reconocimiento y definici\u00f3n de municipios ind\u00edgenas. -Reconocimiento y protecci\u00f3n de las tierras y territorios de pueblos ind\u00edgenas y afromexicanos\u201d, inst\u00f3 la pol\u00edtica, quien se identifica como mujer ind\u00edgena.<\/p>\n<\/blockquote>\n\n\n\n<p>Por \u00faltimo, se\u00f1al\u00f3 que es necesario la creaci\u00f3n de tribunales e instituciones especializadas sobre derechos de los pueblos ind\u00edgenas en los \u00e1mbitos de procuraci\u00f3n y administraci\u00f3n de justicia.<\/p>\n\n\n\n<p>Esta ma\u00f1ana, la senadora tambi\u00e9n reconoci\u00f3 que los pueblos ind\u00edgenas y afromexicanos \u201cson los herederos de nuestras ra\u00edces y guardianes de nuestra tierra y cultura\u201d. Por lo que hacen de M\u00e9xico una naci\u00f3n pluricultural.<\/p>\n\n\n\n<p>Fuente: <a href=\"https:\/\/www.eluniversal.com.mx\/nacion\/xochitl-galvez-senala-que-reforma-indigena-no-aborda-temas-prioritarios\/\" data-type=\"link\" data-id=\"https:\/\/www.eluniversal.com.mx\/nacion\/xochitl-galvez-senala-que-reforma-indigena-no-aborda-temas-prioritarios\/\">El Universal<\/a><\/p>\n","protected":false},"excerpt":{"rendered":"<p>Con motivo al\u00a0D\u00eda Internacional de los Pueblos Ind\u00edgenas, la excandidata presidencial\u00a0X\u00f3chitl G\u00e1lvez Ru\u00edz reconoci\u00f3 que la\u00a0reforma\u00a0en materia de\u00a0pueblos ind\u00edgenas\u00a0que legisladores est\u00e1n discutiendo en la\u00a0C\u00e1mara de Diputados, carece de algunos puntos en favor a las comunidades, uno de ellos, es el acceso a recursos p\u00fablicos para garantizar el pleno ejercicio de sus derechos. \u201cLa reforma Constitucional [&hellip;]<\/p>\n","protected":false},"author":35,"featured_media":150154,"comment_status":"open","ping_status":"open","sticky":false,"template":"","format":"standard","meta":{"_monsterinsights_skip_tracking":false,"_monsterinsights_sitenote_active":false,"_monsterinsights_sitenote_note":"","_monsterinsights_sitenote_category":0,"footnotes":""},"categories":[158],"tags":[720,30701],"class_list":["post-157039","post","type-post","status-publish","format-standard","has-post-thumbnail","hentry","category-politica","tag-indigena","tag-xotchitl-galvez","wp-image-borders"],"amp_enabled":true,"_links":{"self":[{"href":"https:\/\/nvnoticias.mx\/index.php\/wp-json\/wp\/v2\/posts\/157039","targetHints":{"allow":["GET"]}}],"collection":[{"href":"https:\/\/nvnoticias.mx\/index.php\/wp-json\/wp\/v2\/posts"}],"about":[{"href":"https:\/\/nvnoticias.mx\/index.php\/wp-json\/wp\/v2\/types\/post"}],"author":[{"embeddable":true,"href":"https:\/\/nvnoticias.mx\/index.php\/wp-json\/wp\/v2\/users\/35"}],"replies":[{"embeddable":true,"href":"https:\/\/nvnoticias.mx\/index.php\/wp-json\/wp\/v2\/comments?post=157039"}],"version-history":[{"count":1,"href":"https:\/\/nvnoticias.mx\/index.php\/wp-json\/wp\/v2\/posts\/157039\/revisions"}],"predecessor-version":[{"id":157040,"href":"https:\/\/nvnoticias.mx\/index.php\/wp-json\/wp\/v2\/posts\/157039\/revisions\/157040"}],"wp:featuredmedia":[{"embeddable":true,"href":"https:\/\/nvnoticias.mx\/index.php\/wp-json\/wp\/v2\/media\/150154"}],"wp:attachment":[{"href":"https:\/\/nvnoticias.mx\/index.php\/wp-json\/wp\/v2\/media?parent=157039"}],"wp:term":[{"taxonomy":"category","embeddable":true,"href":"https:\/\/nvnoticias.mx\/index.php\/wp-json\/wp\/v2\/categories?post=157039"},{"taxonomy":"post_tag","embeddable":true,"href":"https:\/\/nvnoticias.mx\/index.php\/wp-json\/wp\/v2\/tags?post=157039"}],"curies":[{"name":"wp","href":"https:\/\/api.w.org\/{rel}","templated":true}]}}