{"id":157028,"date":"2024-08-09T14:42:33","date_gmt":"2024-08-09T20:42:33","guid":{"rendered":"https:\/\/nvnoticias.mx\/?p=157028"},"modified":"2024-08-09T14:42:35","modified_gmt":"2024-08-09T20:42:35","slug":"se-estrella-avion-de-pasajeros-en-brasil","status":"publish","type":"post","link":"https:\/\/nvnoticias.mx\/index.php\/2024\/08\/09\/se-estrella-avion-de-pasajeros-en-brasil\/","title":{"rendered":"Se estrella avi\u00f3n de pasajeros en Brasil"},"content":{"rendered":"\n<p>Este viernes un avi\u00f3n de pasajeros\u00a0<strong>se estrell\u00f3\u00a0<\/strong>en una zona rural del estado brasile\u00f1o de\u00a0<strong>S\u00e3o Paulo<\/strong>, Brasil, con 62 personas a bordo.<\/p>\n\n\n\n<p>El Departamento de Bomberos<strong> <\/strong>local confirm\u00f3 que el avi\u00f3n cay\u00f3 en la ciudad de Vinhedo, pero no ofreci\u00f3 m\u00e1s detalles. Siete equipos de bomberos fueron movilizados para atender el accidente, seg\u00fan el Cuerpo de Bomberos local, que no aclar\u00f3 todav\u00eda si hab\u00eda v\u00edctimas. Seg\u00fan la web especializada Flightradar, el avi\u00f3n hab\u00eda realizado dos vuelos m\u00e1s durante la ma\u00f1ana de este viernes antes de estrellarse.<\/p>\n\n\n\n<p>Seg\u00fan el portal G1, la informaci\u00f3n inicial es que se trata de un avi\u00f3n de pasajeros<strong>\u00a0<\/strong>bimotor, modelo ATR-72, que tiene capacidad para 68 pasajeros.<\/p>\n\n\n\n<p>El ayuntamiento de Vinhedo inform\u00f3 en un comunicado que no hubo supervivientes del accidente. El gobierno de Sao Paulo no confirm\u00f3 la informaci\u00f3n y a\u00f1adi\u00f3 que enviar\u00e1 refuerzos al lugar.<\/p>\n\n\n\n<p>En un evento en el sur de Brasil, el presidente Luiz In\u00e1cio Lula da Silva pidi\u00f3 a la multitud que se pusiera de pie y guardara un minuto de silencio.<\/p>\n\n\n\n<p>Fuente: <a href=\"https:\/\/www.eluniversal.com.mx\/mundo\/se-estrella-avion-de-pasajeros-en-brasil-sigue-aqui-el-minuto-por-minuto\/\" data-type=\"link\" data-id=\"https:\/\/www.eluniversal.com.mx\/mundo\/se-estrella-avion-de-pasajeros-en-brasil-sigue-aqui-el-minuto-por-minuto\/\">El Universal<\/a><\/p>\n","protected":false},"excerpt":{"rendered":"<p>Este viernes un avi\u00f3n de pasajeros\u00a0se estrell\u00f3\u00a0en una zona rural del estado brasile\u00f1o de\u00a0S\u00e3o Paulo, Brasil, con 62 personas a bordo. El Departamento de Bomberos local confirm\u00f3 que el avi\u00f3n cay\u00f3 en la ciudad de Vinhedo, pero no ofreci\u00f3 m\u00e1s detalles. Siete equipos de bomberos fueron movilizados para atender el accidente, seg\u00fan el Cuerpo de [&hellip;]<\/p>\n","protected":false},"author":35,"featured_media":157032,"comment_status":"open","ping_status":"open","sticky":false,"template":"","format":"standard","meta":{"_monsterinsights_skip_tracking":false,"_monsterinsights_sitenote_active":false,"_monsterinsights_sitenote_note":"","_monsterinsights_sitenote_category":0,"footnotes":""},"categories":[181],"tags":[3303,1976],"class_list":["post-157028","post","type-post","status-publish","format-standard","has-post-thumbnail","hentry","category-internacional","tag-avion","tag-brasil","wp-image-borders"],"amp_enabled":true,"_links":{"self":[{"href":"https:\/\/nvnoticias.mx\/index.php\/wp-json\/wp\/v2\/posts\/157028","targetHints":{"allow":["GET"]}}],"collection":[{"href":"https:\/\/nvnoticias.mx\/index.php\/wp-json\/wp\/v2\/posts"}],"about":[{"href":"https:\/\/nvnoticias.mx\/index.php\/wp-json\/wp\/v2\/types\/post"}],"author":[{"embeddable":true,"href":"https:\/\/nvnoticias.mx\/index.php\/wp-json\/wp\/v2\/users\/35"}],"replies":[{"embeddable":true,"href":"https:\/\/nvnoticias.mx\/index.php\/wp-json\/wp\/v2\/comments?post=157028"}],"version-history":[{"count":1,"href":"https:\/\/nvnoticias.mx\/index.php\/wp-json\/wp\/v2\/posts\/157028\/revisions"}],"predecessor-version":[{"id":157033,"href":"https:\/\/nvnoticias.mx\/index.php\/wp-json\/wp\/v2\/posts\/157028\/revisions\/157033"}],"wp:featuredmedia":[{"embeddable":true,"href":"https:\/\/nvnoticias.mx\/index.php\/wp-json\/wp\/v2\/media\/157032"}],"wp:attachment":[{"href":"https:\/\/nvnoticias.mx\/index.php\/wp-json\/wp\/v2\/media?parent=157028"}],"wp:term":[{"taxonomy":"category","embeddable":true,"href":"https:\/\/nvnoticias.mx\/index.php\/wp-json\/wp\/v2\/categories?post=157028"},{"taxonomy":"post_tag","embeddable":true,"href":"https:\/\/nvnoticias.mx\/index.php\/wp-json\/wp\/v2\/tags?post=157028"}],"curies":[{"name":"wp","href":"https:\/\/api.w.org\/{rel}","templated":true}]}}