{"id":15695,"date":"2021-06-08T14:49:37","date_gmt":"2021-06-08T19:49:37","guid":{"rendered":"https:\/\/nvnoticias.mx\/?p=15695"},"modified":"2021-06-08T14:49:38","modified_gmt":"2021-06-08T19:49:38","slug":"advierten-defenderan-triunfos-en-alvarado-tlalixcoyan-cotaxtla","status":"publish","type":"post","link":"https:\/\/nvnoticias.mx\/index.php\/2021\/06\/08\/advierten-defenderan-triunfos-en-alvarado-tlalixcoyan-cotaxtla\/","title":{"rendered":"Panistas advierten que defender\u00e1n triunfos en Alvarado, Tlalixcoyan y Cotaxtla"},"content":{"rendered":"\n<p><strong>Jes\u00fas Utrilla \/ NV Noticias<\/strong><\/p>\n\n\n\n<p>Veracruz. \u2013 El Partido Acci\u00f3n Nacional qued\u00f3 satisfecho con los triunfos en la zona conurbada Veracruz-Boca del R\u00edo, ya que ganaron un puesto clave.<\/p>\n\n\n\n<p>El diputado federal con licencia Carlos Valenzuela, cit\u00f3 de ejemplo las alcald\u00edas de ambos municipios.<\/p>\n\n\n\n<p>Pero adem\u00e1s obtuvieron una curul federal con Mar\u00eda Josefina Gamboa Torales y dos locales con Miguel Hermida y Jaime De La Garza.<\/p>\n\n\n\n<blockquote class=\"wp-block-quote is-layout-flow wp-block-quote-is-layout-flow\"><p>\u201cHay que resaltar que la zona conurbada es la \u00fanica que detuvo el embate de Morena. Pedimos a las autoridades que no metan las manos, que no presionen el triunfo en Alvarado, vamos a defender tambi\u00e9n Tlalixcoyan y Cotaxtla. En Veracruz y Boca del R\u00edo es donde se ganan distritos locales y federales\u201d.<\/p><\/blockquote>\n\n\n\n<p>Advirti\u00f3 que defender\u00e1n Octavio Ruiz Barroso, para que repita como alcalde en Alvarado.<\/p>\n\n\n\n<p>Cabe mencionar que su esposa tambi\u00e9n contendi\u00f3 en la elecci\u00f3n pasada por dicho cargo.<\/p>\n\n\n\n<p>Agreg\u00f3 que en Veracruz el triunfo es irreversible, aunque Morena opine lo contrario.<\/p>\n\n\n\n<p>Pese a ello se dijo contento de que el PAN arrebat\u00f3 la mayor\u00eda calificada y simple a Morena en la C\u00e1mara de Diputados.<\/p>\n\n\n\n<p>Consider\u00f3 que la elecci\u00f3n fue limpia y organizada por los ciudadanos, por lo que agradeci\u00f3 al Instituto Nacional Electoral y al Organismo P\u00fablico Local Electoral.<\/p>\n","protected":false},"excerpt":{"rendered":"<p>Jes\u00fas Utrilla \/ NV Noticias Veracruz. \u2013 El Partido Acci\u00f3n Nacional qued\u00f3 satisfecho con los triunfos en la zona conurbada Veracruz-Boca del R\u00edo, ya que ganaron un puesto clave. El diputado federal con licencia Carlos Valenzuela, cit\u00f3 de ejemplo las alcald\u00edas de ambos municipios. Pero adem\u00e1s obtuvieron una curul federal con Mar\u00eda Josefina Gamboa Torales [&hellip;]<\/p>\n","protected":false},"author":6,"featured_media":15697,"comment_status":"open","ping_status":"open","sticky":false,"template":"","format":"standard","meta":{"_monsterinsights_skip_tracking":false,"_monsterinsights_sitenote_active":false,"_monsterinsights_sitenote_note":"","_monsterinsights_sitenote_category":0,"footnotes":""},"categories":[154],"tags":[1467,4299,4005,3540],"class_list":["post-15695","post","type-post","status-publish","format-standard","has-post-thumbnail","hentry","category-veracruz","tag-alvarado","tag-cotaxtla","tag-panistas","tag-tlalixcoyan","wp-image-borders"],"amp_enabled":true,"_links":{"self":[{"href":"https:\/\/nvnoticias.mx\/index.php\/wp-json\/wp\/v2\/posts\/15695","targetHints":{"allow":["GET"]}}],"collection":[{"href":"https:\/\/nvnoticias.mx\/index.php\/wp-json\/wp\/v2\/posts"}],"about":[{"href":"https:\/\/nvnoticias.mx\/index.php\/wp-json\/wp\/v2\/types\/post"}],"author":[{"embeddable":true,"href":"https:\/\/nvnoticias.mx\/index.php\/wp-json\/wp\/v2\/users\/6"}],"replies":[{"embeddable":true,"href":"https:\/\/nvnoticias.mx\/index.php\/wp-json\/wp\/v2\/comments?post=15695"}],"version-history":[{"count":1,"href":"https:\/\/nvnoticias.mx\/index.php\/wp-json\/wp\/v2\/posts\/15695\/revisions"}],"predecessor-version":[{"id":15696,"href":"https:\/\/nvnoticias.mx\/index.php\/wp-json\/wp\/v2\/posts\/15695\/revisions\/15696"}],"wp:featuredmedia":[{"embeddable":true,"href":"https:\/\/nvnoticias.mx\/index.php\/wp-json\/wp\/v2\/media\/15697"}],"wp:attachment":[{"href":"https:\/\/nvnoticias.mx\/index.php\/wp-json\/wp\/v2\/media?parent=15695"}],"wp:term":[{"taxonomy":"category","embeddable":true,"href":"https:\/\/nvnoticias.mx\/index.php\/wp-json\/wp\/v2\/categories?post=15695"},{"taxonomy":"post_tag","embeddable":true,"href":"https:\/\/nvnoticias.mx\/index.php\/wp-json\/wp\/v2\/tags?post=15695"}],"curies":[{"name":"wp","href":"https:\/\/api.w.org\/{rel}","templated":true}]}}