{"id":156825,"date":"2024-08-07T10:41:57","date_gmt":"2024-08-07T16:41:57","guid":{"rendered":"https:\/\/nvnoticias.mx\/?p=156825"},"modified":"2024-08-07T10:41:59","modified_gmt":"2024-08-07T16:41:59","slug":"amplia-texas-controversial-alambrada-antimigrantes-en-la-frontera-con-mexico","status":"publish","type":"post","link":"https:\/\/nvnoticias.mx\/index.php\/2024\/08\/07\/amplia-texas-controversial-alambrada-antimigrantes-en-la-frontera-con-mexico\/","title":{"rendered":"Ampl\u00eda Texas controversial alambrada antimigrantes en la frontera con M\u00e9xico"},"content":{"rendered":"\n<p>El Gobierno de\u00a0<strong>Texas\u00a0<\/strong>instal\u00f3 una tercera barrera de\u00a0<strong>alambre de navajas<\/strong>\u00a0en el<strong>\u00a0r\u00edo Bravo<\/strong>\u00a0(o Grande), en la frontera con M\u00e9xico, pese a las cr\u00edticas del Gobierno mexicano y los riesgos para\u00a0<strong>migrantes<\/strong>, seg\u00fan constat\u00f3 este mi\u00e9rcoles EFE en\u00a0<strong>Ciudad Ju\u00e1rez.<\/strong><\/p>\n\n\n\n<p>Activistas se\u00f1alaron que estas medidas del gobernador de Texas, el republicano\u00a0<strong>Greg Abbott<\/strong>, son &#8220;inhumanas&#8221; y atentan contra los m\u00e1s vulnerables, como los ni\u00f1os, adem\u00e1s de herir a quienes se atreven a cruzar la alambrada y orillar a otros a buscar caminos m\u00e1s peligrosos donde quedan a merced de la delincuencia organizada.<\/p>\n\n\n\n<p>El pastor Francisco Gonz\u00e1lez, director de la\u00a0<strong>Red de Albergues Somos Uno por Ju\u00e1rez<\/strong>, indic\u00f3 a EFE que &#8220;es muy lamentable&#8221; que Estados Unidos permita estas barreras que han heridos a cientos de migrantes y han provocado la muerte de varios.<\/p>\n\n\n\n<blockquote class=\"wp-block-quote is-layout-flow wp-block-quote-is-layout-flow\">\n<p>\u201cTenemos grupos de WhatsApp para ayudar espiritualmente (a migrantes), algunos siguen conectando para pedir una oraci\u00f3n y son quienes nos comentan, de repente, que les sucedi\u00f3 tal cosa y que s\u00ed estuvo m\u00e1s peligroso y por eso tenemos ese dato de heridos&#8221;, indic\u00f3 el religioso, quien coordina 12 albergues que reciben a migrantes.<\/p>\n<\/blockquote>\n\n\n\n<p>Fuente: <em><a href=\"https:\/\/www.eluniversal.com.mx\/mundo\/texas-amplia-controversial-alambrada-antimigrantes-en-la-frontera-con-mexico\/\" data-type=\"link\" data-id=\"https:\/\/www.eluniversal.com.mx\/mundo\/texas-amplia-controversial-alambrada-antimigrantes-en-la-frontera-con-mexico\/\">El Universal<\/a><\/em><\/p>\n","protected":false},"excerpt":{"rendered":"<p>El Gobierno de\u00a0Texas\u00a0instal\u00f3 una tercera barrera de\u00a0alambre de navajas\u00a0en el\u00a0r\u00edo Bravo\u00a0(o Grande), en la frontera con M\u00e9xico, pese a las cr\u00edticas del Gobierno mexicano y los riesgos para\u00a0migrantes, seg\u00fan constat\u00f3 este mi\u00e9rcoles EFE en\u00a0Ciudad Ju\u00e1rez. Activistas se\u00f1alaron que estas medidas del gobernador de Texas, el republicano\u00a0Greg Abbott, son &#8220;inhumanas&#8221; y atentan contra los m\u00e1s vulnerables, [&hellip;]<\/p>\n","protected":false},"author":35,"featured_media":1821,"comment_status":"open","ping_status":"open","sticky":false,"template":"","format":"standard","meta":{"_monsterinsights_skip_tracking":false,"_monsterinsights_sitenote_active":false,"_monsterinsights_sitenote_note":"","_monsterinsights_sitenote_category":0,"footnotes":""},"categories":[181],"tags":[30669,16319,25032,292,162,918],"class_list":["post-156825","post","type-post","status-publish","format-standard","has-post-thumbnail","hentry","category-internacional","tag-alambrada","tag-amplia","tag-antimigrantes","tag-mexico","tag-portada","tag-texas","wp-image-borders"],"amp_enabled":true,"_links":{"self":[{"href":"https:\/\/nvnoticias.mx\/index.php\/wp-json\/wp\/v2\/posts\/156825","targetHints":{"allow":["GET"]}}],"collection":[{"href":"https:\/\/nvnoticias.mx\/index.php\/wp-json\/wp\/v2\/posts"}],"about":[{"href":"https:\/\/nvnoticias.mx\/index.php\/wp-json\/wp\/v2\/types\/post"}],"author":[{"embeddable":true,"href":"https:\/\/nvnoticias.mx\/index.php\/wp-json\/wp\/v2\/users\/35"}],"replies":[{"embeddable":true,"href":"https:\/\/nvnoticias.mx\/index.php\/wp-json\/wp\/v2\/comments?post=156825"}],"version-history":[{"count":2,"href":"https:\/\/nvnoticias.mx\/index.php\/wp-json\/wp\/v2\/posts\/156825\/revisions"}],"predecessor-version":[{"id":156827,"href":"https:\/\/nvnoticias.mx\/index.php\/wp-json\/wp\/v2\/posts\/156825\/revisions\/156827"}],"wp:featuredmedia":[{"embeddable":true,"href":"https:\/\/nvnoticias.mx\/index.php\/wp-json\/wp\/v2\/media\/1821"}],"wp:attachment":[{"href":"https:\/\/nvnoticias.mx\/index.php\/wp-json\/wp\/v2\/media?parent=156825"}],"wp:term":[{"taxonomy":"category","embeddable":true,"href":"https:\/\/nvnoticias.mx\/index.php\/wp-json\/wp\/v2\/categories?post=156825"},{"taxonomy":"post_tag","embeddable":true,"href":"https:\/\/nvnoticias.mx\/index.php\/wp-json\/wp\/v2\/tags?post=156825"}],"curies":[{"name":"wp","href":"https:\/\/api.w.org\/{rel}","templated":true}]}}