{"id":156813,"date":"2024-08-07T10:10:19","date_gmt":"2024-08-07T16:10:19","guid":{"rendered":"https:\/\/nvnoticias.mx\/?p=156813"},"modified":"2024-08-07T10:10:21","modified_gmt":"2024-08-07T16:10:21","slug":"resolvera-tribunal-electoral-impugnaciones-sobre-eleccion-presidencial-este-jueves","status":"publish","type":"post","link":"https:\/\/nvnoticias.mx\/index.php\/2024\/08\/07\/resolvera-tribunal-electoral-impugnaciones-sobre-eleccion-presidencial-este-jueves\/","title":{"rendered":"Resolver\u00e1 Tribunal Electoral impugnaciones sobre elecci\u00f3n presidencial este jueves"},"content":{"rendered":"\n<p>La<strong>\u00a0Sala Superior del Tribunal Electoral<\/strong>\u00a0resolver\u00e1 este jueves las\u00a0<strong>impugnaciones\u00a0<\/strong>promovidas por los partidos pol\u00edticos contra los c\u00f3mputos distritales de la<strong>\u00a0elecci\u00f3n presidencial<\/strong>, es decir, si se anulan las casillas reclamadas y con esto, se modifica la votaci\u00f3n final.<\/p>\n\n\n\n<p>Esta sesi\u00f3n ser\u00e1 la previa a la discusi\u00f3n de la declaraci\u00f3n de validez de la elecci\u00f3n presidencial, que ser\u00e1 el pr\u00f3ximo 14 de agosto.<\/p>\n\n\n\n<p>La magistrada presidenta del Tribunal Electoral del Poder Judicial de la Federaci\u00f3n (<strong>TEPJF<\/strong>),\u00a0<strong>M\u00f3nica Aral\u00ed Soto Fregoso<\/strong>, convoc\u00f3 a una sesi\u00f3n p\u00fablica el 8 de agosto, a las 11:00 horas, con la finalidad de resolver estos juicios.<\/p>\n\n\n\n<p>Se trata de 240 medios de impugnaci\u00f3n turnados a las cinco ponencias que actualmente integran este \u00f3rgano jurisdiccional, en los cuales se solicita la nulidad de la votaci\u00f3n recibida en las casillas, por considerar que hubo irregularidades que afectaron su validez.<\/p>\n\n\n\n<p>En un comunicado, el TEPJF sostuvo que los proyectos de resoluci\u00f3n fueron circulados entre las ponencias con la debida anticipaci\u00f3n, por lo que es posible realizar el an\u00e1lisis correspondiente en la sesi\u00f3n p\u00fablica mencionada.<\/p>\n\n\n\n<p>Una vez resueltos los juicios de inconformidad, la Sala Superior estar\u00e1 en posibilidad de elaborar el c\u00f3mputo final de la elecci\u00f3n presidencial y finalmente, el dictamen correspondiente.<\/p>\n\n\n\n<p>Fuente: <a href=\"https:\/\/www.eluniversal.com.mx\/nacion\/tribunal-electoral-resolvera-impugnaciones-sobre-eleccion-presidencial-este-jueves\/\" data-type=\"link\" data-id=\"https:\/\/www.eluniversal.com.mx\/nacion\/tribunal-electoral-resolvera-impugnaciones-sobre-eleccion-presidencial-este-jueves\/\">El Universal<\/a><\/p>\n","protected":false},"excerpt":{"rendered":"<p>La\u00a0Sala Superior del Tribunal Electoral\u00a0resolver\u00e1 este jueves las\u00a0impugnaciones\u00a0promovidas por los partidos pol\u00edticos contra los c\u00f3mputos distritales de la\u00a0elecci\u00f3n presidencial, es decir, si se anulan las casillas reclamadas y con esto, se modifica la votaci\u00f3n final. Esta sesi\u00f3n ser\u00e1 la previa a la discusi\u00f3n de la declaraci\u00f3n de validez de la elecci\u00f3n presidencial, que ser\u00e1 el [&hellip;]<\/p>\n","protected":false},"author":35,"featured_media":18640,"comment_status":"open","ping_status":"open","sticky":false,"template":"","format":"standard","meta":{"_monsterinsights_skip_tracking":false,"_monsterinsights_sitenote_active":false,"_monsterinsights_sitenote_note":"","_monsterinsights_sitenote_category":0,"footnotes":""},"categories":[158],"tags":[162,283],"class_list":["post-156813","post","type-post","status-publish","format-standard","has-post-thumbnail","hentry","category-politica","tag-portada","tag-tribunal-electoral","wp-image-borders"],"amp_enabled":true,"_links":{"self":[{"href":"https:\/\/nvnoticias.mx\/index.php\/wp-json\/wp\/v2\/posts\/156813","targetHints":{"allow":["GET"]}}],"collection":[{"href":"https:\/\/nvnoticias.mx\/index.php\/wp-json\/wp\/v2\/posts"}],"about":[{"href":"https:\/\/nvnoticias.mx\/index.php\/wp-json\/wp\/v2\/types\/post"}],"author":[{"embeddable":true,"href":"https:\/\/nvnoticias.mx\/index.php\/wp-json\/wp\/v2\/users\/35"}],"replies":[{"embeddable":true,"href":"https:\/\/nvnoticias.mx\/index.php\/wp-json\/wp\/v2\/comments?post=156813"}],"version-history":[{"count":1,"href":"https:\/\/nvnoticias.mx\/index.php\/wp-json\/wp\/v2\/posts\/156813\/revisions"}],"predecessor-version":[{"id":156814,"href":"https:\/\/nvnoticias.mx\/index.php\/wp-json\/wp\/v2\/posts\/156813\/revisions\/156814"}],"wp:featuredmedia":[{"embeddable":true,"href":"https:\/\/nvnoticias.mx\/index.php\/wp-json\/wp\/v2\/media\/18640"}],"wp:attachment":[{"href":"https:\/\/nvnoticias.mx\/index.php\/wp-json\/wp\/v2\/media?parent=156813"}],"wp:term":[{"taxonomy":"category","embeddable":true,"href":"https:\/\/nvnoticias.mx\/index.php\/wp-json\/wp\/v2\/categories?post=156813"},{"taxonomy":"post_tag","embeddable":true,"href":"https:\/\/nvnoticias.mx\/index.php\/wp-json\/wp\/v2\/tags?post=156813"}],"curies":[{"name":"wp","href":"https:\/\/api.w.org\/{rel}","templated":true}]}}