{"id":156808,"date":"2024-08-07T08:55:13","date_gmt":"2024-08-07T14:55:13","guid":{"rendered":"https:\/\/nvnoticias.mx\/?p=156808"},"modified":"2024-08-07T08:55:13","modified_gmt":"2024-08-07T14:55:13","slug":"busca-canciller-barcena-en-chile-fortalecer-cooperacion-y-comercio","status":"publish","type":"post","link":"https:\/\/nvnoticias.mx\/index.php\/2024\/08\/07\/busca-canciller-barcena-en-chile-fortalecer-cooperacion-y-comercio\/","title":{"rendered":"Busca canciller B\u00e1rcena en Chile fortalecer cooperaci\u00f3n y comercio"},"content":{"rendered":"\n<p class=\"amp-sc__font-paragraph\"><strong>Alicia B\u00e1rcena<\/strong>, secretaria de Relaciones Exteriores, inici\u00f3 este mi\u00e9rcoles 7 de agosto una visita de trabajo en&nbsp;<strong>Santiago de Chile<\/strong>&nbsp;para fortalecer la cooperaci\u00f3n y el comercio, adem\u00e1s de afrontar retos regionales y globales.<\/p>\n\n\n\n<p class=\"amp-sc__font-paragraph\">De acuerdos con su agenda, hoy participar\u00e1 en el Segundo Encuentro Ministerial sobre Empoderamiento y Autonom\u00eda Econ\u00f3mica de las Mujeres de la Alianza del Pac\u00edfico, \u201cen el que promover\u00e1 pol\u00edticas p\u00fablicas y econ\u00f3micas con perspectiva de g\u00e9nero que impulsen la participaci\u00f3n laboral de las mujeres, y la implementaci\u00f3n de la&nbsp;<strong>Pol\u00edtica Exterior Feminista<\/strong>\u201d.<\/p>\n\n\n\n<p>El jueves 8 de agosto, la canciller B\u00e1rcena tiene prevista una reuni\u00f3n con el ministro de Relaciones Exteriores de Chile, Alberto van Klaveren, para hablar sobre la relaci\u00f3n bilateral, comercio, cooperaci\u00f3n para el desarrollo y asuntos regionales y multilaterales, entre otros temas.<\/p>\n\n\n\n<p>La titular de la SRE copresidir\u00e1 la VIII Reuni\u00f3n del Consejo del Acuerdo de Asociaci\u00f3n Estrat\u00e9gica (AAE) M\u00e9xico-Chile, donde firmar\u00e1 sendos memor\u00e1ndums de entendimiento en materia de Pol\u00edtica Exterior Feminista, pueblos ind\u00edgenas, y cooperaci\u00f3n acad\u00e9mica y diplom\u00e1tica.<\/p>\n\n\n\n<p>En el \u00faltimo d\u00eda de su gira de trabajo, el 9 de agosto, participar\u00e1 en la conmemoraci\u00f3n del 25 aniversario de la entrada en vigor del Tratado de Libre Comercio (TLC) M\u00e9xico-Chile.<\/p>\n\n\n\n<p>Fuente: <a href=\"https:\/\/www.eluniversal.com.mx\/nacion\/canciller-barcena-busca-en-chile-fortalecer-cooperacion-y-comercio\/?outputType=amp\">El Universal<\/a> <\/p>\n","protected":false},"excerpt":{"rendered":"<p>Alicia B\u00e1rcena, secretaria de Relaciones Exteriores, inici\u00f3 este mi\u00e9rcoles 7 de agosto una visita de trabajo en&nbsp;Santiago de Chile&nbsp;para fortalecer la cooperaci\u00f3n y el comercio, adem\u00e1s de afrontar retos regionales y globales. De acuerdos con su agenda, hoy participar\u00e1 en el Segundo Encuentro Ministerial sobre Empoderamiento y Autonom\u00eda Econ\u00f3mica de las Mujeres de la Alianza [&hellip;]<\/p>\n","protected":false},"author":35,"featured_media":145348,"comment_status":"closed","ping_status":"open","sticky":false,"template":"","format":"standard","meta":{"_monsterinsights_skip_tracking":false,"_monsterinsights_sitenote_active":false,"_monsterinsights_sitenote_note":"","_monsterinsights_sitenote_category":0,"footnotes":""},"categories":[158],"tags":[12723,472],"class_list":["post-156808","post","type-post","status-publish","format-standard","has-post-thumbnail","hentry","category-politica","tag-alicia-barcena","tag-chile","wp-image-borders"],"amp_enabled":true,"_links":{"self":[{"href":"https:\/\/nvnoticias.mx\/index.php\/wp-json\/wp\/v2\/posts\/156808","targetHints":{"allow":["GET"]}}],"collection":[{"href":"https:\/\/nvnoticias.mx\/index.php\/wp-json\/wp\/v2\/posts"}],"about":[{"href":"https:\/\/nvnoticias.mx\/index.php\/wp-json\/wp\/v2\/types\/post"}],"author":[{"embeddable":true,"href":"https:\/\/nvnoticias.mx\/index.php\/wp-json\/wp\/v2\/users\/35"}],"replies":[{"embeddable":true,"href":"https:\/\/nvnoticias.mx\/index.php\/wp-json\/wp\/v2\/comments?post=156808"}],"version-history":[{"count":1,"href":"https:\/\/nvnoticias.mx\/index.php\/wp-json\/wp\/v2\/posts\/156808\/revisions"}],"predecessor-version":[{"id":156809,"href":"https:\/\/nvnoticias.mx\/index.php\/wp-json\/wp\/v2\/posts\/156808\/revisions\/156809"}],"wp:featuredmedia":[{"embeddable":true,"href":"https:\/\/nvnoticias.mx\/index.php\/wp-json\/wp\/v2\/media\/145348"}],"wp:attachment":[{"href":"https:\/\/nvnoticias.mx\/index.php\/wp-json\/wp\/v2\/media?parent=156808"}],"wp:term":[{"taxonomy":"category","embeddable":true,"href":"https:\/\/nvnoticias.mx\/index.php\/wp-json\/wp\/v2\/categories?post=156808"},{"taxonomy":"post_tag","embeddable":true,"href":"https:\/\/nvnoticias.mx\/index.php\/wp-json\/wp\/v2\/tags?post=156808"}],"curies":[{"name":"wp","href":"https:\/\/api.w.org\/{rel}","templated":true}]}}