{"id":15680,"date":"2021-06-08T12:57:22","date_gmt":"2021-06-08T17:57:22","guid":{"rendered":"https:\/\/nvnoticias.mx\/?p=15680"},"modified":"2021-06-08T12:57:24","modified_gmt":"2021-06-08T17:57:24","slug":"inicia-boca-del-rio-jornada-de-segundas-dosis-a-personas-50-59","status":"publish","type":"post","link":"https:\/\/nvnoticias.mx\/index.php\/2021\/06\/08\/inicia-boca-del-rio-jornada-de-segundas-dosis-a-personas-50-59\/","title":{"rendered":"Inicia Boca del R\u00edo jornada de segundas dosis a personas de 50 a 59 a\u00f1os de edad"},"content":{"rendered":"\n<p><strong>Jes\u00fas Utrilla \/ NV Noticias<\/strong><\/p>\n\n\n\n<p>Veracruz. \u2013 Se lleva a cabo en Boca del R\u00edo la aplicaci\u00f3n de la vacuna Pfizer, en segunda fase a personas de 50 a 59 a\u00f1os de edad.<\/p>\n\n\n\n<p>Se espera inyectar en los siguientes d\u00edas a por lo menos 17 mil 077 personas, de acuerdo a la primera ronda de vacunas.<\/p>\n\n\n\n<p>Sin embargo, es de mencionar que tambi\u00e9n se encuentra la jornada de inmunizaci\u00f3n en Poza Rica, donde inyectar\u00e1n a 19 mil 056 personas y en Xalapa donde vacunar\u00e1n a por lo menos 44 mil 679.<\/p>\n\n\n\n<p>En breve concluir\u00e1n la fase de segundas dosis a 600 mil veracruzanos para dar paso a la inmunizaci\u00f3n de personas de 40 a 49 a\u00f1os de edad.<\/p>\n\n\n\n<p>Es de destacar que se requiere el comprobante de la primera dosis para recibir la segunda.<\/p>\n\n\n\n<p>Al momento 900 mil veracruzanos de 50 a\u00f1os en adelante se aplicaron vacunas contra el coronavirus, se espera inyectar a 700 mil m\u00e1s, en pr\u00f3ximas semanas, entre ellos grupos prioritarios como mujeres embarazadas y remisos de otras generaciones.<\/p>\n\n\n\n<p>En esta generaci\u00f3n de 50 a 59 a\u00f1os la primera dosis la recibieron m\u00e1s de 600 mil veracruzanos.<\/p>\n\n\n\n<p>Para octubre testar\u00e1n vacunadas a otras generaciones mayores de 18 a\u00f1os y en particular con primera dosis a los \u00faltimos que les toque.<\/p>\n","protected":false},"excerpt":{"rendered":"<p>Jes\u00fas Utrilla \/ NV Noticias Veracruz. \u2013 Se lleva a cabo en Boca del R\u00edo la aplicaci\u00f3n de la vacuna Pfizer, en segunda fase a personas de 50 a 59 a\u00f1os de edad. Se espera inyectar en los siguientes d\u00edas a por lo menos 17 mil 077 personas, de acuerdo a la primera ronda de [&hellip;]<\/p>\n","protected":false},"author":6,"featured_media":15685,"comment_status":"open","ping_status":"open","sticky":false,"template":"","format":"standard","meta":{"_monsterinsights_skip_tracking":false,"_monsterinsights_sitenote_active":false,"_monsterinsights_sitenote_note":"","_monsterinsights_sitenote_category":0,"footnotes":""},"categories":[154],"tags":[423,162,4289,217,3141],"class_list":["post-15680","post","type-post","status-publish","format-standard","has-post-thumbnail","hentry","category-veracruz","tag-boca-del-rio","tag-portada","tag-segundas-dosis","tag-vacuna","tag-vacuna-pfizer","wp-image-borders"],"amp_enabled":true,"_links":{"self":[{"href":"https:\/\/nvnoticias.mx\/index.php\/wp-json\/wp\/v2\/posts\/15680","targetHints":{"allow":["GET"]}}],"collection":[{"href":"https:\/\/nvnoticias.mx\/index.php\/wp-json\/wp\/v2\/posts"}],"about":[{"href":"https:\/\/nvnoticias.mx\/index.php\/wp-json\/wp\/v2\/types\/post"}],"author":[{"embeddable":true,"href":"https:\/\/nvnoticias.mx\/index.php\/wp-json\/wp\/v2\/users\/6"}],"replies":[{"embeddable":true,"href":"https:\/\/nvnoticias.mx\/index.php\/wp-json\/wp\/v2\/comments?post=15680"}],"version-history":[{"count":1,"href":"https:\/\/nvnoticias.mx\/index.php\/wp-json\/wp\/v2\/posts\/15680\/revisions"}],"predecessor-version":[{"id":15686,"href":"https:\/\/nvnoticias.mx\/index.php\/wp-json\/wp\/v2\/posts\/15680\/revisions\/15686"}],"wp:featuredmedia":[{"embeddable":true,"href":"https:\/\/nvnoticias.mx\/index.php\/wp-json\/wp\/v2\/media\/15685"}],"wp:attachment":[{"href":"https:\/\/nvnoticias.mx\/index.php\/wp-json\/wp\/v2\/media?parent=15680"}],"wp:term":[{"taxonomy":"category","embeddable":true,"href":"https:\/\/nvnoticias.mx\/index.php\/wp-json\/wp\/v2\/categories?post=15680"},{"taxonomy":"post_tag","embeddable":true,"href":"https:\/\/nvnoticias.mx\/index.php\/wp-json\/wp\/v2\/tags?post=15680"}],"curies":[{"name":"wp","href":"https:\/\/api.w.org\/{rel}","templated":true}]}}