{"id":156685,"date":"2024-08-05T16:03:26","date_gmt":"2024-08-05T22:03:26","guid":{"rendered":"https:\/\/nvnoticias.mx\/?p=156685"},"modified":"2024-08-05T16:03:28","modified_gmt":"2024-08-05T22:03:28","slug":"aumentaron-puestos-de-trabajo-afiliados-al-imss-0-1-en-julio","status":"publish","type":"post","link":"https:\/\/nvnoticias.mx\/index.php\/2024\/08\/05\/aumentaron-puestos-de-trabajo-afiliados-al-imss-0-1-en-julio\/","title":{"rendered":"Aumentaron puestos de trabajo afiliados al IMSS 0.1% en julio"},"content":{"rendered":"\n<p>El Instituto Mexicano del Seguro Social (IMSS) inform\u00f3 que en el mes de julio aument\u00f3 0.1 por ciento el n\u00famero de puestos registrados en su sistema a una tasa mensual.<\/p>\n\n\n\n<p>Esto significa que en el mes agregaron a 12 mil 344 trabajadores a su registro, cifra es superior a la observada en los \u00faltimos dos a\u00f1os.<br><\/p>\n\n\n\n<p>\u200bEn su reporte mensual de puestos de trabajo afiliados al IMSS, detall\u00f3 que hasta el 31 de julio tienen registrados 22 millones 331 mil 788 puestos de trabajo, de los cuales 86.6 por ciento son permanentes y 13.4 por ciento son eventuales.<\/p>\n\n\n\n<p>De enero a julio se crearon 307 mil 402 puestos y los empleos permanentes crecieron 1.7 por ciento.<\/p>\n\n\n\n<p>En los \u00faltimos doce meses, de julio de 2023 a julio de 2024, se registraron 446 mil 649 puestos m\u00e1s, que equivalen a una tasa anual de 2.0 por ciento.<\/p>\n\n\n\n<p>Los sectores econ\u00f3micos con el mayor crecimiento porcentual anual en puestos de trabajo son:<\/p>\n\n\n\n<p>Transportes y comunicaciones: 5.6 por ciento<br>Comercio: 3.2 por ciento<br>Construcci\u00f3n: 3.0 por ciento<br>Las entidades federativas con mayores puestos de empleo registrados ante el IMSS en julio son: Chiapas, Hidalgo y Nayarit con aumentos anuales por arriba de 4.5 por ciento.<\/p>\n\n\n\n<p>Fuente: <a href=\"https:\/\/www.milenio.com\/negocios\/puestos-afiliados-imss-aumentaron-0-1-julio\" data-type=\"link\" data-id=\"https:\/\/www.milenio.com\/negocios\/puestos-afiliados-imss-aumentaron-0-1-julio\">Milenio<\/a><\/p>\n","protected":false},"excerpt":{"rendered":"<p>El Instituto Mexicano del Seguro Social (IMSS) inform\u00f3 que en el mes de julio aument\u00f3 0.1 por ciento el n\u00famero de puestos registrados en su sistema a una tasa mensual. Esto significa que en el mes agregaron a 12 mil 344 trabajadores a su registro, cifra es superior a la observada en los \u00faltimos dos [&hellip;]<\/p>\n","protected":false},"author":35,"featured_media":19766,"comment_status":"open","ping_status":"open","sticky":false,"template":"","format":"standard","meta":{"_monsterinsights_skip_tracking":false,"_monsterinsights_sitenote_active":false,"_monsterinsights_sitenote_note":"","_monsterinsights_sitenote_category":0,"footnotes":""},"categories":[157],"tags":[19692,19150,365],"class_list":["post-156685","post","type-post","status-publish","format-standard","has-post-thumbnail","hentry","category-nacional","tag-afiliados","tag-aumentaron","tag-imss","wp-image-borders"],"amp_enabled":true,"_links":{"self":[{"href":"https:\/\/nvnoticias.mx\/index.php\/wp-json\/wp\/v2\/posts\/156685","targetHints":{"allow":["GET"]}}],"collection":[{"href":"https:\/\/nvnoticias.mx\/index.php\/wp-json\/wp\/v2\/posts"}],"about":[{"href":"https:\/\/nvnoticias.mx\/index.php\/wp-json\/wp\/v2\/types\/post"}],"author":[{"embeddable":true,"href":"https:\/\/nvnoticias.mx\/index.php\/wp-json\/wp\/v2\/users\/35"}],"replies":[{"embeddable":true,"href":"https:\/\/nvnoticias.mx\/index.php\/wp-json\/wp\/v2\/comments?post=156685"}],"version-history":[{"count":2,"href":"https:\/\/nvnoticias.mx\/index.php\/wp-json\/wp\/v2\/posts\/156685\/revisions"}],"predecessor-version":[{"id":156687,"href":"https:\/\/nvnoticias.mx\/index.php\/wp-json\/wp\/v2\/posts\/156685\/revisions\/156687"}],"wp:featuredmedia":[{"embeddable":true,"href":"https:\/\/nvnoticias.mx\/index.php\/wp-json\/wp\/v2\/media\/19766"}],"wp:attachment":[{"href":"https:\/\/nvnoticias.mx\/index.php\/wp-json\/wp\/v2\/media?parent=156685"}],"wp:term":[{"taxonomy":"category","embeddable":true,"href":"https:\/\/nvnoticias.mx\/index.php\/wp-json\/wp\/v2\/categories?post=156685"},{"taxonomy":"post_tag","embeddable":true,"href":"https:\/\/nvnoticias.mx\/index.php\/wp-json\/wp\/v2\/tags?post=156685"}],"curies":[{"name":"wp","href":"https:\/\/api.w.org\/{rel}","templated":true}]}}