{"id":156521,"date":"2024-08-03T12:38:37","date_gmt":"2024-08-03T18:38:37","guid":{"rendered":"https:\/\/nvnoticias.mx\/?p=156521"},"modified":"2024-08-03T12:38:39","modified_gmt":"2024-08-03T18:38:39","slug":"bordar-a-una-persona-desaparecida-es-preservar-su-memoria","status":"publish","type":"post","link":"https:\/\/nvnoticias.mx\/index.php\/2024\/08\/03\/bordar-a-una-persona-desaparecida-es-preservar-su-memoria\/","title":{"rendered":"Bordar a una persona desaparecida es preservar su memoria"},"content":{"rendered":"\n<p><\/p>\n\n\n\n<p><strong>Sam Ojeda &#8211; NV Noticias<\/strong><\/p>\n\n\n\n<p>Xalapa.- La artesana orizabe\u00f1a Aracely Ledezma afirm\u00f3 que bordar la representaci\u00f3n de una persona desaparecida preserva su memoria, pero tambi\u00e9n es una exigencia hacia las autoridades para que hagan su trabajo y sigan busc\u00e1ndolos.<\/p>\n\n\n\n<blockquote class=\"wp-block-quote is-layout-flow wp-block-quote-is-layout-flow\">\n<p>\u201cEl bordado hace que no se olvide la memoria de quienes nos han sido arrebatados. Es una forma de exigir a las autoridades que no se borre la memoria de los desaparecidos, el bordado lo hace por s\u00ed mismo, porque no deja que se borre la memoria\u201d.<\/p>\n<\/blockquote>\n\n\n\n<p>Cabe destacar que para su elaboraci\u00f3n cada integrante del colectivo le cont\u00f3 su historia a la artesana, por lo que cada uno representa su identidad.<\/p>\n\n\n\n<p>Dijo que por ello tiene una carga simb\u00f3lica pues fueron usadas prendas de las personas desaparecidas.<\/p>\n","protected":false},"excerpt":{"rendered":"<p>Sam Ojeda &#8211; NV Noticias Xalapa.- La artesana orizabe\u00f1a Aracely Ledezma afirm\u00f3 que bordar la representaci\u00f3n de una persona desaparecida preserva su memoria, pero tambi\u00e9n es una exigencia hacia las autoridades para que hagan su trabajo y sigan busc\u00e1ndolos. \u201cEl bordado hace que no se olvide la memoria de quienes nos han sido arrebatados. Es [&hellip;]<\/p>\n","protected":false},"author":6,"featured_media":156522,"comment_status":"open","ping_status":"open","sticky":false,"template":"","format":"standard","meta":{"_monsterinsights_skip_tracking":false,"_monsterinsights_sitenote_active":false,"_monsterinsights_sitenote_note":"","_monsterinsights_sitenote_category":0,"footnotes":""},"categories":[156],"tags":[855],"class_list":["post-156521","post","type-post","status-publish","format-standard","has-post-thumbnail","hentry","category-estado","tag-personas-desaparecidas","wp-image-borders"],"amp_enabled":true,"_links":{"self":[{"href":"https:\/\/nvnoticias.mx\/index.php\/wp-json\/wp\/v2\/posts\/156521","targetHints":{"allow":["GET"]}}],"collection":[{"href":"https:\/\/nvnoticias.mx\/index.php\/wp-json\/wp\/v2\/posts"}],"about":[{"href":"https:\/\/nvnoticias.mx\/index.php\/wp-json\/wp\/v2\/types\/post"}],"author":[{"embeddable":true,"href":"https:\/\/nvnoticias.mx\/index.php\/wp-json\/wp\/v2\/users\/6"}],"replies":[{"embeddable":true,"href":"https:\/\/nvnoticias.mx\/index.php\/wp-json\/wp\/v2\/comments?post=156521"}],"version-history":[{"count":1,"href":"https:\/\/nvnoticias.mx\/index.php\/wp-json\/wp\/v2\/posts\/156521\/revisions"}],"predecessor-version":[{"id":156523,"href":"https:\/\/nvnoticias.mx\/index.php\/wp-json\/wp\/v2\/posts\/156521\/revisions\/156523"}],"wp:featuredmedia":[{"embeddable":true,"href":"https:\/\/nvnoticias.mx\/index.php\/wp-json\/wp\/v2\/media\/156522"}],"wp:attachment":[{"href":"https:\/\/nvnoticias.mx\/index.php\/wp-json\/wp\/v2\/media?parent=156521"}],"wp:term":[{"taxonomy":"category","embeddable":true,"href":"https:\/\/nvnoticias.mx\/index.php\/wp-json\/wp\/v2\/categories?post=156521"},{"taxonomy":"post_tag","embeddable":true,"href":"https:\/\/nvnoticias.mx\/index.php\/wp-json\/wp\/v2\/tags?post=156521"}],"curies":[{"name":"wp","href":"https:\/\/api.w.org\/{rel}","templated":true}]}}