{"id":156516,"date":"2024-08-03T11:53:30","date_gmt":"2024-08-03T17:53:30","guid":{"rendered":"https:\/\/nvnoticias.mx\/?p=156516"},"modified":"2024-08-03T11:53:32","modified_gmt":"2024-08-03T17:53:32","slug":"pese-a-amenaza-de-maduro-maria-corina-machado-se-hace-presente-en-la-concentracion-en-caracas","status":"publish","type":"post","link":"https:\/\/nvnoticias.mx\/index.php\/2024\/08\/03\/pese-a-amenaza-de-maduro-maria-corina-machado-se-hace-presente-en-la-concentracion-en-caracas\/","title":{"rendered":"Pese a amenaza de Maduro, Mar\u00eda Corina Machado se hace presente en la concentraci\u00f3n en Caracas"},"content":{"rendered":"\n<p><\/p>\n\n\n\n<p>La l\u00edder opositora venezolana Mar\u00eda Corina Machado lleg\u00f3 este s\u00e1bado a una concentraci\u00f3n de miles de personas en Caracas que rechazan la proclamaci\u00f3n de Nicol\u00e1s Maduro como presidente reelecto.<\/p>\n\n\n\n<p>Acompa\u00f1ada por varios dirigentes opositores, pero no por su candidato Edmundo Gonz\u00e1lez Urrutia, Machado fue recibida por los manifestantes en medio de v\u00edtores y gritos de &#8220;\u00a1Libertad, libertad!&#8221;, constat\u00f3 la AFP.<\/p>\n\n\n\n<p>Corina Machado y Edmundo Gonz\u00e1lez Urrutia, amenazados y escondidos, hab\u00edan sido vistos en p\u00fablico por \u00faltima vez el martes en una concentraci\u00f3n en Caracas, dos d\u00edas despu\u00e9s de las elecciones que reclaman haber ganado.<\/p>\n\n\n\n<p>Maduro, en tanto, fue ratificado el viernes por el oficialista Consejo Nacional Electoral como presidente reelecto y amenaza a los jefes de la oposici\u00f3n, a los que acusa de intentar fraguar un golpe de Estado.<\/p>\n\n\n\n<p>Miles de personas con cartulinas y banderas y en un ambiente de tranquilidad se concentraron por la ma\u00f1ana en el barrio de Las Mercedes, un sector elegante del este de Caracas donde fue convocada la manifestaci\u00f3n opositora, constat\u00f3 la AFP.<\/p>\n\n\n\n<blockquote class=\"wp-block-quote is-layout-flow wp-block-quote-is-layout-flow\">\n<p>&#8220;No somos terroristas&#8230; Es un autogolpe&#8221;<\/p>\n<\/blockquote>\n\n\n\n<p>&#8220;Maduro es ileg\u00edtimo. No somos terroristas, luchamos por nuestro pa\u00eds, por la libertad. Pido a Maduro que escuche la voz de nuestros hermanos, por todos los que han muerto&#8221;, dijo Jezzy Ramos, una chef de 36 a\u00f1os, casada y con una hija.<\/p>\n\n\n\n<blockquote class=\"wp-block-quote is-layout-flow wp-block-quote-is-layout-flow\">\n<p>&#8220;Estoy defendiendo la democracia y el voto, porque nosotros elegimos un presidente, eso es obvio, las actas est\u00e1n p\u00fablicamente en la web (&#8230;). El gobierno no reconoce que perdi\u00f3. Es un autogolpe&#8221;, afirm\u00f3 por su parte Sonell Molina, de 55 a\u00f1os y madre de dos hijos que viven en Per\u00fa.<\/p>\n<\/blockquote>\n\n\n\n<p>Hab\u00eda expectativa de que Machado y Gonz\u00e1lez Urrutia acudieran a esta manifestaci\u00f3n.<\/p>\n\n\n\n<p>Las calles del resto de la ciudad luc\u00eda vac\u00edas, sin que se note mayor vigilancia policial. Algunas personas hac\u00edan compras de comida en supermercados y en ferias al aire libre.<\/p>\n\n\n\n<p>Lee tambi\u00e9n Maduro dice que alista c\u00e1rceles de m\u00e1xima seguridad para manifestantes en Venezuela<\/p>\n\n\n\n<p>Con 11 civiles muertos desde que el lunes estallaron protestas espont\u00e1neas en rechazo al anuncio de la reelecci\u00f3n de Maduro y m\u00e1s de un millar de detenidos, los dirigentes opositores han limitado sus apariciones p\u00fablicas.<\/p>\n\n\n\n<p>El viernes, fue detenido el dirigente opositor y periodista Roland Carre\u00f1o, quien ya hab\u00eda estado preso entre 2020 y 2023 acusado de &#8220;terrorismo&#8221;, seg\u00fan denunci\u00f3 su partido Voluntad Popular, de Juan Guaid\u00f3 y Leopoldo L\u00f3pez.<\/p>\n\n\n\n<p>Seg\u00fan la fiscal\u00eda, un militar tambi\u00e9n muri\u00f3 en las protestas.<\/p>\n\n\n\n<p>El Consejo Nacional Electoral ratific\u00f3 el viernes la victoria de Maduro con 52% de los votos, por encima de un 43% atribuido a Gonz\u00e1lez Urrutia, quien denuncia fraude, y a quien el secretario de Estado de Estados Unidos Antony Blinken expres\u00f3 su apoyo.<\/p>\n\n\n\n<p>Maduro acus\u00f3 a Estados Unidos de intervencionismo. &#8220;Se desespera en un gesto inusual en la diplomacia estadounidense y sale a decir que ellos tienen los resultados (&#8230;). Lo que tiene es la trampa que intentaron imponer&#8221;, dijo el mandatario al referirse a Blinken.<\/p>\n\n\n\n<p>&#8220;Fueron m\u00faltiples los llamados y gritos de fraude de este sector de la derecha, radical, criminal y violenta de Venezuela&#8221;, lanz\u00f3 Maduro en una rueda de prensa con corresponsales extranjeros. &#8220;No quieren reconocer los mecanismos nacionales y soberanos de Venezuela, solo quieren mantener el show de la farsa&#8221;.<\/p>\n\n\n\n<p>El chavismo marchar\u00e1 en la tarde por el centro de Caracas, en lo que Maduro ya anunci\u00f3 como &#8220;la madre&#8221; de las manifestaciones.<\/p>\n\n\n\n<p>Fuente: <a href=\"https:\/\/www.eluniversal.com.mx\/mundo\/opositora-venezolana-maria-corina-machado-amenazada-por-maduro-se-hace-presente-en-la-concentracion-en-caracas\/\">El Universal<\/a><\/p>\n","protected":false},"excerpt":{"rendered":"<p>La l\u00edder opositora venezolana Mar\u00eda Corina Machado lleg\u00f3 este s\u00e1bado a una concentraci\u00f3n de miles de personas en Caracas que rechazan la proclamaci\u00f3n de Nicol\u00e1s Maduro como presidente reelecto. Acompa\u00f1ada por varios dirigentes opositores, pero no por su candidato Edmundo Gonz\u00e1lez Urrutia, Machado fue recibida por los manifestantes en medio de v\u00edtores y gritos de [&hellip;]<\/p>\n","protected":false},"author":6,"featured_media":156512,"comment_status":"open","ping_status":"open","sticky":false,"template":"","format":"standard","meta":{"_monsterinsights_skip_tracking":false,"_monsterinsights_sitenote_active":false,"_monsterinsights_sitenote_note":"","_monsterinsights_sitenote_category":0,"footnotes":""},"categories":[181],"tags":[30639,30638],"class_list":["post-156516","post","type-post","status-publish","format-standard","has-post-thumbnail","hentry","category-internacional","tag-caracas","tag-maria-corina-machado","wp-image-borders"],"amp_enabled":true,"_links":{"self":[{"href":"https:\/\/nvnoticias.mx\/index.php\/wp-json\/wp\/v2\/posts\/156516","targetHints":{"allow":["GET"]}}],"collection":[{"href":"https:\/\/nvnoticias.mx\/index.php\/wp-json\/wp\/v2\/posts"}],"about":[{"href":"https:\/\/nvnoticias.mx\/index.php\/wp-json\/wp\/v2\/types\/post"}],"author":[{"embeddable":true,"href":"https:\/\/nvnoticias.mx\/index.php\/wp-json\/wp\/v2\/users\/6"}],"replies":[{"embeddable":true,"href":"https:\/\/nvnoticias.mx\/index.php\/wp-json\/wp\/v2\/comments?post=156516"}],"version-history":[{"count":1,"href":"https:\/\/nvnoticias.mx\/index.php\/wp-json\/wp\/v2\/posts\/156516\/revisions"}],"predecessor-version":[{"id":156517,"href":"https:\/\/nvnoticias.mx\/index.php\/wp-json\/wp\/v2\/posts\/156516\/revisions\/156517"}],"wp:featuredmedia":[{"embeddable":true,"href":"https:\/\/nvnoticias.mx\/index.php\/wp-json\/wp\/v2\/media\/156512"}],"wp:attachment":[{"href":"https:\/\/nvnoticias.mx\/index.php\/wp-json\/wp\/v2\/media?parent=156516"}],"wp:term":[{"taxonomy":"category","embeddable":true,"href":"https:\/\/nvnoticias.mx\/index.php\/wp-json\/wp\/v2\/categories?post=156516"},{"taxonomy":"post_tag","embeddable":true,"href":"https:\/\/nvnoticias.mx\/index.php\/wp-json\/wp\/v2\/tags?post=156516"}],"curies":[{"name":"wp","href":"https:\/\/api.w.org\/{rel}","templated":true}]}}