{"id":156454,"date":"2024-08-02T14:30:35","date_gmt":"2024-08-02T20:30:35","guid":{"rendered":"https:\/\/nvnoticias.mx\/?p=156454"},"modified":"2024-08-02T14:30:36","modified_gmt":"2024-08-02T20:30:36","slug":"lanza-blake-lively-su-propia-linea-de-cuidado-capilar","status":"publish","type":"post","link":"https:\/\/nvnoticias.mx\/index.php\/2024\/08\/02\/lanza-blake-lively-su-propia-linea-de-cuidado-capilar\/","title":{"rendered":"Lanza Blake Lively su propia l\u00ednea de cuidado capilar"},"content":{"rendered":"\n<p>Por medio de un comunicado,\u00a0<strong>Blake Lively<\/strong>\u00a0revel\u00f3 su nueva l\u00ednea de cuidado del cabello,\u00a0<strong>Blake Brown<\/strong>, una colecci\u00f3n vegana de ocho productos que incluye\u00a0<strong>champ\u00fas, mascarillas y productos de peinado<\/strong>.<\/p>\n\n\n\n<p>La actriz de \u2018Gossip Girl\u2019 ha trabajado en esta marca durante siete a\u00f1os en colaboraci\u00f3n con el grupo de belleza privado\u00a0<strong>Give Back Beauty<\/strong>. La actriz enfatiz\u00f3 que la calidad y el rendimiento de los productos fueron sus principales prioridades.<\/p>\n\n\n\n<p>Lively explic\u00f3 que la creaci\u00f3n de la l\u00ednea tom\u00f3 tanto tiempo debido a su dedicaci\u00f3n a mantener un\u00a0<strong>alto nivel de calidad y control<\/strong>: \u201cQuer\u00edamos una l\u00ednea de cuidado capilar de calidad premium y de sal\u00f3n que fuera m\u00e1s limpia,\u00a0<strong>libre de crueldad<\/strong>, m\u00e1s f\u00e1cil, deliciosa, sostenible y accesible\u201d.<\/p>\n\n\n\n<p>La colecci\u00f3n incluye productos como el<strong>&nbsp;Champ\u00fa Nutritivo Fundamental<\/strong>, la Mascarilla Nutritiva Fundamental, el Champ\u00fa Fortalecedor Fundamental, la&nbsp;<strong>Mascarilla Fortalecedora Fundamental&nbsp;<\/strong>y la Mascarilla Pre-Champ\u00fa Rich Reset.<\/p>\n\n\n\n<p>Tambi\u00e9n ofrece productos de peinado como el\u00a0<strong>Champ\u00fa en Seco, Glam Mousse y All-in-Wonder Leave-In Potion<\/strong>, los cuales est\u00e1n formulados sin sulfatos, siliconas, parabenos ni tintes sint\u00e9ticos, y cuentan con fragancias inspiradas en los<strong>\u00a0aromas favoritos de Lively<\/strong>.<\/p>\n\n\n\n<p>Fuente: <a href=\"https:\/\/www.elimparcial.com\/espectaculos\/2024\/08\/02\/blake-lively-lanza-su-propia-linea-de-cuidado-capilar-blake-brown\/\" data-type=\"link\" data-id=\"https:\/\/www.elimparcial.com\/espectaculos\/2024\/08\/02\/blake-lively-lanza-su-propia-linea-de-cuidado-capilar-blake-brown\/\">Imparcial<\/a><\/p>\n","protected":false},"excerpt":{"rendered":"<p>Por medio de un comunicado,\u00a0Blake Lively\u00a0revel\u00f3 su nueva l\u00ednea de cuidado del cabello,\u00a0Blake Brown, una colecci\u00f3n vegana de ocho productos que incluye\u00a0champ\u00fas, mascarillas y productos de peinado. La actriz de \u2018Gossip Girl\u2019 ha trabajado en esta marca durante siete a\u00f1os en colaboraci\u00f3n con el grupo de belleza privado\u00a0Give Back Beauty. La actriz enfatiz\u00f3 que la [&hellip;]<\/p>\n","protected":false},"author":35,"featured_media":156455,"comment_status":"open","ping_status":"open","sticky":false,"template":"","format":"standard","meta":{"_monsterinsights_skip_tracking":false,"_monsterinsights_sitenote_active":false,"_monsterinsights_sitenote_note":"","_monsterinsights_sitenote_category":0,"footnotes":""},"categories":[576],"tags":[7158,9405],"class_list":["post-156454","post","type-post","status-publish","format-standard","has-post-thumbnail","hentry","category-ocio","tag-blake-lively","tag-lanza","wp-image-borders"],"amp_enabled":true,"_links":{"self":[{"href":"https:\/\/nvnoticias.mx\/index.php\/wp-json\/wp\/v2\/posts\/156454","targetHints":{"allow":["GET"]}}],"collection":[{"href":"https:\/\/nvnoticias.mx\/index.php\/wp-json\/wp\/v2\/posts"}],"about":[{"href":"https:\/\/nvnoticias.mx\/index.php\/wp-json\/wp\/v2\/types\/post"}],"author":[{"embeddable":true,"href":"https:\/\/nvnoticias.mx\/index.php\/wp-json\/wp\/v2\/users\/35"}],"replies":[{"embeddable":true,"href":"https:\/\/nvnoticias.mx\/index.php\/wp-json\/wp\/v2\/comments?post=156454"}],"version-history":[{"count":1,"href":"https:\/\/nvnoticias.mx\/index.php\/wp-json\/wp\/v2\/posts\/156454\/revisions"}],"predecessor-version":[{"id":156456,"href":"https:\/\/nvnoticias.mx\/index.php\/wp-json\/wp\/v2\/posts\/156454\/revisions\/156456"}],"wp:featuredmedia":[{"embeddable":true,"href":"https:\/\/nvnoticias.mx\/index.php\/wp-json\/wp\/v2\/media\/156455"}],"wp:attachment":[{"href":"https:\/\/nvnoticias.mx\/index.php\/wp-json\/wp\/v2\/media?parent=156454"}],"wp:term":[{"taxonomy":"category","embeddable":true,"href":"https:\/\/nvnoticias.mx\/index.php\/wp-json\/wp\/v2\/categories?post=156454"},{"taxonomy":"post_tag","embeddable":true,"href":"https:\/\/nvnoticias.mx\/index.php\/wp-json\/wp\/v2\/tags?post=156454"}],"curies":[{"name":"wp","href":"https:\/\/api.w.org\/{rel}","templated":true}]}}