{"id":156411,"date":"2024-08-02T09:14:06","date_gmt":"2024-08-02T15:14:06","guid":{"rendered":"https:\/\/nvnoticias.mx\/?p=156411"},"modified":"2024-08-02T09:14:08","modified_gmt":"2024-08-02T15:14:08","slug":"avanza-en-diputados-reforma-para-aumentar-pension-de-trabajadores-del-imss-e-issste","status":"publish","type":"post","link":"https:\/\/nvnoticias.mx\/index.php\/2024\/08\/02\/avanza-en-diputados-reforma-para-aumentar-pension-de-trabajadores-del-imss-e-issste\/","title":{"rendered":"Avanza en Diputados reforma para aumentar pensi\u00f3n de trabajadores del IMSS e ISSSTE"},"content":{"rendered":"\n<p class=\"sc__font-paragraph\">Los integrantes de la&nbsp;<strong>Comisi\u00f3n de Puntos Constitucionales<\/strong>&nbsp;aprobaron en lo general, por 38 votos a favor y cero en contra, el dictamen de la&nbsp;<strong>reforma<\/strong>&nbsp;al art\u00edculo 123 constitucional, para otorgar&nbsp;<strong>pensiones<\/strong>&nbsp;de retiro por vejez igual al \u00faltimo salario del trabajador o por hasta 16 mil 777 pesos.&nbsp;<\/p>\n\n\n\n<p class=\"sc__font-paragraph\">La pensi\u00f3n que recibir\u00e1n los<strong>&nbsp;trabajadores<\/strong>equivale al salario mensual promedio registrado en el Instituto Mexicano del Seguro Social (<strong>IMSS<\/strong>) en 2023. Y dicho monto se actualizar\u00e1 el 1 de enero de cada a\u00f1o, de acuerdo con la inflaci\u00f3n estimada para ese a\u00f1o, se\u00f1ala el documento.<\/p>\n\n\n\n<p>Los trabajadores beneficiados con esta reforma son aquellos con<strong>&nbsp;65 a\u00f1os&nbsp;<\/strong>que empezaron a cotizar a partir del 1 de julio de 1997 en el Instituto Mexicano del Seguro Social, y las que est\u00e9n bajo el r\u00e9gimen de cuentas individuales que cotizan en el Instituto de Seguridad y Servicios Sociales de los Trabajadores del Estado (<strong>ISSSTE<\/strong>).<\/p>\n\n\n\n<p class=\"sc__font-paragraph\">En el dictamen fue suprimido, mediante una reserva que se aprob\u00f3 por 31 votos a favor y 8 en contra, el art\u00edculo transitorio que establec\u00eda la creaci\u00f3n del Fondo de Pensiones para el Bienestar, dentro de los 90 d\u00edas naturales siguientes a la publicaci\u00f3n del Decreto, porque \u00e9ste fue creado el pasado 1 de mayo, y otorg\u00f3 los primeros apoyos el 1 de julio de 2024.<\/p>\n\n\n\n<p class=\"sc__font-paragraph\">En ese sentido, la diputada Laura Haro (PRI) critic\u00f3 la viabilidad financiera de la reforma; y plante\u00f3 bajar a 60 a\u00f1os la edad para que los adultos mayores reciban una pensi\u00f3n.<\/p>\n\n\n\n<p class=\"sc__font-paragraph\">\u201c(Un art\u00edculo transitorio) habla que estos recursos se van a generar con la eliminaci\u00f3n de los \u00f3rganos aut\u00f3nomos, \u00f3rganos reguladores, organismos descentralizados desconcentrados, unidades administrativas, etc\u00e9tera. Y yo lo que les dir\u00eda es: vay\u00e1monos con tiempo. Hoy todav\u00eda tenemos organismos constitucionales aut\u00f3nomos, aunque no les guste la vigilancia, la&nbsp;<strong>rendici\u00f3n de cuentas<\/strong>. Estos transitorios son el dardo envenenado, reflexi\u00f3nenlo por la estabilidad financiera de este pa\u00eds\u201d, expres\u00f3.&nbsp;<\/p>\n\n\n\n<p class=\"sc__font-paragraph\">En su turno, el diputado&nbsp;<strong>H\u00e9ctor Sa\u00fal T\u00e9llez&nbsp;<\/strong>(PAN) denunci\u00f3 que el dictamen propone crear el Fondo de Pensiones que ya est\u00e1 en operaci\u00f3n, y adem\u00e1s su partido interpuso una acci\u00f3n de inconstitucionalidad porque no est\u00e1n de acuerdo con las fuentes de financiamiento.<\/p>\n\n\n\n<p>Fuente: <a href=\"https:\/\/www.eluniversal.com.mx\/nacion\/avanza-en-diputados-reforma-para-aumentar-pension-de-trabajadores-del-imss-e-issste\/\">El Universal<\/a> <\/p>\n","protected":false},"excerpt":{"rendered":"<p>Los integrantes de la&nbsp;Comisi\u00f3n de Puntos Constitucionales&nbsp;aprobaron en lo general, por 38 votos a favor y cero en contra, el dictamen de la&nbsp;reforma&nbsp;al art\u00edculo 123 constitucional, para otorgar&nbsp;pensiones&nbsp;de retiro por vejez igual al \u00faltimo salario del trabajador o por hasta 16 mil 777 pesos.&nbsp; La pensi\u00f3n que recibir\u00e1n los&nbsp;trabajadoresequivale al salario mensual promedio registrado en [&hellip;]<\/p>\n","protected":false},"author":35,"featured_media":23264,"comment_status":"closed","ping_status":"open","sticky":false,"template":"","format":"standard","meta":{"_monsterinsights_skip_tracking":false,"_monsterinsights_sitenote_active":false,"_monsterinsights_sitenote_note":"","_monsterinsights_sitenote_category":0,"footnotes":""},"categories":[158],"tags":[8289,566,365,1066,2025,1942],"class_list":["post-156411","post","type-post","status-publish","format-standard","has-post-thumbnail","hentry","category-politica","tag-avanza","tag-diputados","tag-imss","tag-issste","tag-pensiones","tag-reforma","wp-image-borders"],"amp_enabled":true,"_links":{"self":[{"href":"https:\/\/nvnoticias.mx\/index.php\/wp-json\/wp\/v2\/posts\/156411","targetHints":{"allow":["GET"]}}],"collection":[{"href":"https:\/\/nvnoticias.mx\/index.php\/wp-json\/wp\/v2\/posts"}],"about":[{"href":"https:\/\/nvnoticias.mx\/index.php\/wp-json\/wp\/v2\/types\/post"}],"author":[{"embeddable":true,"href":"https:\/\/nvnoticias.mx\/index.php\/wp-json\/wp\/v2\/users\/35"}],"replies":[{"embeddable":true,"href":"https:\/\/nvnoticias.mx\/index.php\/wp-json\/wp\/v2\/comments?post=156411"}],"version-history":[{"count":1,"href":"https:\/\/nvnoticias.mx\/index.php\/wp-json\/wp\/v2\/posts\/156411\/revisions"}],"predecessor-version":[{"id":156412,"href":"https:\/\/nvnoticias.mx\/index.php\/wp-json\/wp\/v2\/posts\/156411\/revisions\/156412"}],"wp:featuredmedia":[{"embeddable":true,"href":"https:\/\/nvnoticias.mx\/index.php\/wp-json\/wp\/v2\/media\/23264"}],"wp:attachment":[{"href":"https:\/\/nvnoticias.mx\/index.php\/wp-json\/wp\/v2\/media?parent=156411"}],"wp:term":[{"taxonomy":"category","embeddable":true,"href":"https:\/\/nvnoticias.mx\/index.php\/wp-json\/wp\/v2\/categories?post=156411"},{"taxonomy":"post_tag","embeddable":true,"href":"https:\/\/nvnoticias.mx\/index.php\/wp-json\/wp\/v2\/tags?post=156411"}],"curies":[{"name":"wp","href":"https:\/\/api.w.org\/{rel}","templated":true}]}}