{"id":1563,"date":"2021-01-18T14:24:46","date_gmt":"2021-01-18T20:24:46","guid":{"rendered":"https:\/\/nvnoticias.mx\/?p=1563"},"modified":"2021-01-18T14:24:46","modified_gmt":"2021-01-18T20:24:46","slug":"niega-fernando-yunes-haberse-aplicado-la-vacuna-en-eu","status":"publish","type":"post","link":"https:\/\/nvnoticias.mx\/index.php\/2021\/01\/18\/niega-fernando-yunes-haberse-aplicado-la-vacuna-en-eu\/","title":{"rendered":"Niega Fernando Yunes haberse aplicado la vacuna en EU"},"content":{"rendered":"\n<p><strong>Jes\u00fas Utrilla \/ NV Noticias<\/strong><\/p>\n\n\n\n<p>El alcalde de Veracruz, Fernando Yunes M\u00e1rquez, rechaz\u00f3 haber ido el jueves a Estados Unidos a vacunarse contra el COVID-19 o a pasar el fin de semana a Miami.<\/p>\n\n\n\n<p>Atribuy\u00f3 los rumores <strong>al miedo de los adversarios de que participe en 2024 por la gubernatura estatal.<\/strong><\/p>\n\n\n\n<p>Dijo que es posible que los ataques en su contra se endurezca y lo denuncien ante la Fiscal\u00eda General del Estado y ante la Fiscal\u00eda Anticorrupci\u00f3n para tratar de sacarlo de la jugada.<\/p>\n\n\n\n<blockquote class=\"wp-block-quote is-layout-flow wp-block-quote-is-layout-flow\"><p>\u201cDe aqu\u00ed a medio a\u00f1o me van a denunciar penalmente ante la Fiscal\u00eda General del Estado, ante la Fiscal\u00eda Anticorrupci\u00f3n, Fiscal\u00eda General de la Rep\u00fablica. Seguramente me van a tratar de sacar alg\u00fan juicio de desafuero\u201d.<\/p><\/blockquote>\n\n\n\n<p>Por otro lado el alcalde confirm\u00f3 que cerraron cuatro negocios en la avenida Mart\u00ed, porque no cumpl\u00edan con los protocolos sanitarios para prevenir contagios de coronavirus.<\/p>\n\n\n\n<blockquote class=\"wp-block-quote is-layout-flow wp-block-quote-is-layout-flow\"><p>\u201cNo quer\u00edan usar cubrebocas los dependientes, en algunos de los casos el mismo dependiente dijo que no cre\u00eda en la enfermedad y tuvimos que cerrar. En otros casos permit\u00edan a la gente entrar sin cubrebocas y en otros no hab\u00eda filtro sanitario\u201d.<\/p><\/blockquote>\n\n\n\n<p>Aclar\u00f3 que no se busca reprimir la econom\u00eda, sin embargo, la actividad comercial debe desarrollarse apegados en todo momento a los protocolos del sector salud.<\/p>\n","protected":false},"excerpt":{"rendered":"<p>Jes\u00fas Utrilla \/ NV Noticias El alcalde de Veracruz, Fernando Yunes M\u00e1rquez, rechaz\u00f3 haber ido el jueves a Estados Unidos a vacunarse contra el COVID-19 o a pasar el fin de semana a Miami. Atribuy\u00f3 los rumores al miedo de los adversarios de que participe en 2024 por la gubernatura estatal. Dijo que es posible [&hellip;]<\/p>\n","protected":false},"author":6,"featured_media":1564,"comment_status":"open","ping_status":"open","sticky":false,"template":"","format":"standard","meta":{"_monsterinsights_skip_tracking":false,"_monsterinsights_sitenote_active":false,"_monsterinsights_sitenote_note":"","_monsterinsights_sitenote_category":0,"footnotes":""},"categories":[154],"tags":[175,518,162,217,180],"class_list":["post-1563","post","type-post","status-publish","format-standard","has-post-thumbnail","hentry","category-veracruz","tag-covid-19","tag-fym","tag-portada","tag-vacuna","tag-veracruz","wp-image-borders"],"amp_enabled":true,"_links":{"self":[{"href":"https:\/\/nvnoticias.mx\/index.php\/wp-json\/wp\/v2\/posts\/1563","targetHints":{"allow":["GET"]}}],"collection":[{"href":"https:\/\/nvnoticias.mx\/index.php\/wp-json\/wp\/v2\/posts"}],"about":[{"href":"https:\/\/nvnoticias.mx\/index.php\/wp-json\/wp\/v2\/types\/post"}],"author":[{"embeddable":true,"href":"https:\/\/nvnoticias.mx\/index.php\/wp-json\/wp\/v2\/users\/6"}],"replies":[{"embeddable":true,"href":"https:\/\/nvnoticias.mx\/index.php\/wp-json\/wp\/v2\/comments?post=1563"}],"version-history":[{"count":1,"href":"https:\/\/nvnoticias.mx\/index.php\/wp-json\/wp\/v2\/posts\/1563\/revisions"}],"predecessor-version":[{"id":1566,"href":"https:\/\/nvnoticias.mx\/index.php\/wp-json\/wp\/v2\/posts\/1563\/revisions\/1566"}],"wp:featuredmedia":[{"embeddable":true,"href":"https:\/\/nvnoticias.mx\/index.php\/wp-json\/wp\/v2\/media\/1564"}],"wp:attachment":[{"href":"https:\/\/nvnoticias.mx\/index.php\/wp-json\/wp\/v2\/media?parent=1563"}],"wp:term":[{"taxonomy":"category","embeddable":true,"href":"https:\/\/nvnoticias.mx\/index.php\/wp-json\/wp\/v2\/categories?post=1563"},{"taxonomy":"post_tag","embeddable":true,"href":"https:\/\/nvnoticias.mx\/index.php\/wp-json\/wp\/v2\/tags?post=1563"}],"curies":[{"name":"wp","href":"https:\/\/api.w.org\/{rel}","templated":true}]}}