{"id":156270,"date":"2024-07-31T14:27:11","date_gmt":"2024-07-31T20:27:11","guid":{"rendered":"https:\/\/nvnoticias.mx\/?p=156270"},"modified":"2024-07-31T14:27:13","modified_gmt":"2024-07-31T20:27:13","slug":"grave-la-desaparicion-del-inai-maria-amparo-casar","status":"publish","type":"post","link":"https:\/\/nvnoticias.mx\/index.php\/2024\/07\/31\/grave-la-desaparicion-del-inai-maria-amparo-casar\/","title":{"rendered":"&#8220;Grave&#8221;, la desaparici\u00f3n del INAI: Mar\u00eda Amparo Casar"},"content":{"rendered":"\n<p class=\"amp-sc__font-paragraph\"><strong>Mar\u00eda Amparo Casar<\/strong>, presidenta de&nbsp;<strong>Mexicanos Contra la Corrupci\u00f3n y la Impunidad<\/strong>&nbsp;(<strong>MCCI<\/strong>), dijo en entrevista&nbsp;que lo preocupante y&nbsp;<strong>grave<\/strong>&nbsp;ser\u00eda la desaparici\u00f3n del&nbsp;<strong>Instituto Nacional de Transparencia, Acceso a la Informaci\u00f3n y Protecci\u00f3n de Datos Personales<\/strong>&nbsp;(INAI).<\/p>\n\n\n\n<p class=\"amp-sc__font-paragraph\"><em>\u201cLo que me temo que pueda desaparecer el INAI, aunque diga la presidenta electa que su funci\u00f3n no va desaparecer, si los datos personales y su resguardo van a depender del&nbsp;<strong>Ejecutivo Federal<\/strong>\u201d, destac\u00f3.<\/em><\/p>\n\n\n\n<p><em>\u201cSi ahorita no se respeta, sin la autonom\u00eda el INAI menos, ser\u00eda sumamente grave\u201d, pronostic\u00f3 Mar\u00eda Amparo.<\/em><\/p>\n\n\n\n<p>Adem\u00e1s, la directora de Mexicanos contra la Corrupci\u00f3n y la Impunidad, recalc\u00f3 que han interpuesto los recursos necesarios en el INAI ante la violaci\u00f3n de la privacidad de los datos personales.<\/p>\n","protected":false},"excerpt":{"rendered":"<p>Mar\u00eda Amparo Casar, presidenta de&nbsp;Mexicanos Contra la Corrupci\u00f3n y la Impunidad&nbsp;(MCCI), dijo en entrevista&nbsp;que lo preocupante y&nbsp;grave&nbsp;ser\u00eda la desaparici\u00f3n del&nbsp;Instituto Nacional de Transparencia, Acceso a la Informaci\u00f3n y Protecci\u00f3n de Datos Personales&nbsp;(INAI). \u201cLo que me temo que pueda desaparecer el INAI, aunque diga la presidenta electa que su funci\u00f3n no va desaparecer, si los datos [&hellip;]<\/p>\n","protected":false},"author":35,"featured_media":44262,"comment_status":"closed","ping_status":"open","sticky":false,"template":"","format":"standard","meta":{"_monsterinsights_skip_tracking":false,"_monsterinsights_sitenote_active":false,"_monsterinsights_sitenote_note":"","_monsterinsights_sitenote_category":0,"footnotes":""},"categories":[158],"tags":[355],"class_list":["post-156270","post","type-post","status-publish","format-standard","has-post-thumbnail","hentry","category-politica","tag-inai","wp-image-borders"],"amp_enabled":true,"_links":{"self":[{"href":"https:\/\/nvnoticias.mx\/index.php\/wp-json\/wp\/v2\/posts\/156270","targetHints":{"allow":["GET"]}}],"collection":[{"href":"https:\/\/nvnoticias.mx\/index.php\/wp-json\/wp\/v2\/posts"}],"about":[{"href":"https:\/\/nvnoticias.mx\/index.php\/wp-json\/wp\/v2\/types\/post"}],"author":[{"embeddable":true,"href":"https:\/\/nvnoticias.mx\/index.php\/wp-json\/wp\/v2\/users\/35"}],"replies":[{"embeddable":true,"href":"https:\/\/nvnoticias.mx\/index.php\/wp-json\/wp\/v2\/comments?post=156270"}],"version-history":[{"count":1,"href":"https:\/\/nvnoticias.mx\/index.php\/wp-json\/wp\/v2\/posts\/156270\/revisions"}],"predecessor-version":[{"id":156271,"href":"https:\/\/nvnoticias.mx\/index.php\/wp-json\/wp\/v2\/posts\/156270\/revisions\/156271"}],"wp:featuredmedia":[{"embeddable":true,"href":"https:\/\/nvnoticias.mx\/index.php\/wp-json\/wp\/v2\/media\/44262"}],"wp:attachment":[{"href":"https:\/\/nvnoticias.mx\/index.php\/wp-json\/wp\/v2\/media?parent=156270"}],"wp:term":[{"taxonomy":"category","embeddable":true,"href":"https:\/\/nvnoticias.mx\/index.php\/wp-json\/wp\/v2\/categories?post=156270"},{"taxonomy":"post_tag","embeddable":true,"href":"https:\/\/nvnoticias.mx\/index.php\/wp-json\/wp\/v2\/tags?post=156270"}],"curies":[{"name":"wp","href":"https:\/\/api.w.org\/{rel}","templated":true}]}}