{"id":156223,"date":"2024-07-31T09:13:40","date_gmt":"2024-07-31T15:13:40","guid":{"rendered":"https:\/\/nvnoticias.mx\/?p=156223"},"modified":"2024-07-31T09:13:41","modified_gmt":"2024-07-31T15:13:41","slug":"felicita-amlo-a-prisca-awiti-por-su-medalla-de-plata-en-paris-2024","status":"publish","type":"post","link":"https:\/\/nvnoticias.mx\/index.php\/2024\/07\/31\/felicita-amlo-a-prisca-awiti-por-su-medalla-de-plata-en-paris-2024\/","title":{"rendered":"Felicita AMLO a Prisca Awiti por su medalla de plata en Par\u00eds 2024"},"content":{"rendered":"\n<p class=\"sc__font-paragraph\">Con un aplauso, el presidente&nbsp;<strong>Andr\u00e9s Manuel L\u00f3pez Obrador<\/strong>&nbsp;felicit\u00f3 esta ma\u00f1ana a la judoca,&nbsp;<strong>Prisca Awiti<\/strong>,<strong>&nbsp;<\/strong>por haber ganado ayer martes la&nbsp;<strong>medalla de plata<\/strong>&nbsp;en los<strong>&nbsp;Juegos<a href=\"https:\/\/www.eluniversal.com.mx\/deportes\/\" target=\"_blank\" rel=\"noreferrer noopener\"> <\/a>Ol\u00edmpicos de Par\u00eds 2024<\/strong>.&nbsp;<\/p>\n\n\n\n<p class=\"sc__font-paragraph\">Al inicio de su conferencia de prensa matutina en Palacio Nacional, el jefe del Ejecutivo Federal llam\u00f3 a ser optimistas y confiar en que la delegaci\u00f3n mexicana, en la&nbsp;<strong>justa ol\u00edmpica<\/strong>, obtendr\u00e1 m\u00e1s medallas.<\/p>\n\n\n\n<p class=\"sc__font-paragraph\"><em>\u201cYa lo hicimos ayer, pero de nuevo un abrazo.Nuestro reconocimiento a&nbsp;<strong>Prisca&nbsp;<\/strong>por la medalla de plata. Un aplauso&#8221;.<\/em><\/p>\n\n\n\n<p class=\"sc__font-paragraph\"><em>\u201cY vienen otras (medallas), nos va ir bien. Siempre<strong>&nbsp;hay que estar optimistas porque M\u00e9xico est\u00e1 en un buen momento<\/strong>. Todos los mexicanos est\u00e1n esmer\u00e1ndose en poner en alto el nombre de nuestro querido M\u00e9xico, de nuestro M\u00e9xico lindo y querido. Entonces vamos a esperar\u201d, dijo en el sal\u00f3n Tesorer\u00eda.&nbsp;<\/em><\/p>\n\n\n\n<p class=\"sc__font-paragraph\"><strong>Awiti&nbsp;<\/strong>es la&nbsp;<strong>novena mujer mexicana&nbsp;<\/strong>que sube al segundo lugar del podio en la m\u00e1xima justa deportiva del planeta.<\/p>\n\n\n\n<p>Fuente: <a href=\"https:\/\/www.eluniversal.com.mx\/deportes\/paris-2024\/amlo-felicita-a-prisca-awiti-por-su-medalla-de-plata-en-paris-2024\/\">El Universal<\/a> <\/p>\n","protected":false},"excerpt":{"rendered":"<p>Con un aplauso, el presidente&nbsp;Andr\u00e9s Manuel L\u00f3pez Obrador&nbsp;felicit\u00f3 esta ma\u00f1ana a la judoca,&nbsp;Prisca Awiti,&nbsp;por haber ganado ayer martes la&nbsp;medalla de plata&nbsp;en los&nbsp;Juegos Ol\u00edmpicos de Par\u00eds 2024.&nbsp; Al inicio de su conferencia de prensa matutina en Palacio Nacional, el jefe del Ejecutivo Federal llam\u00f3 a ser optimistas y confiar en que la delegaci\u00f3n mexicana, en la&nbsp;justa [&hellip;]<\/p>\n","protected":false},"author":35,"featured_media":156173,"comment_status":"closed","ping_status":"open","sticky":false,"template":"","format":"standard","meta":{"_monsterinsights_skip_tracking":false,"_monsterinsights_sitenote_active":false,"_monsterinsights_sitenote_note":"","_monsterinsights_sitenote_category":0,"footnotes":""},"categories":[159],"tags":[188,30603],"class_list":["post-156223","post","type-post","status-publish","format-standard","has-post-thumbnail","hentry","category-deportes","tag-amlo","tag-prisca-awiti","wp-image-borders"],"amp_enabled":true,"_links":{"self":[{"href":"https:\/\/nvnoticias.mx\/index.php\/wp-json\/wp\/v2\/posts\/156223","targetHints":{"allow":["GET"]}}],"collection":[{"href":"https:\/\/nvnoticias.mx\/index.php\/wp-json\/wp\/v2\/posts"}],"about":[{"href":"https:\/\/nvnoticias.mx\/index.php\/wp-json\/wp\/v2\/types\/post"}],"author":[{"embeddable":true,"href":"https:\/\/nvnoticias.mx\/index.php\/wp-json\/wp\/v2\/users\/35"}],"replies":[{"embeddable":true,"href":"https:\/\/nvnoticias.mx\/index.php\/wp-json\/wp\/v2\/comments?post=156223"}],"version-history":[{"count":1,"href":"https:\/\/nvnoticias.mx\/index.php\/wp-json\/wp\/v2\/posts\/156223\/revisions"}],"predecessor-version":[{"id":156224,"href":"https:\/\/nvnoticias.mx\/index.php\/wp-json\/wp\/v2\/posts\/156223\/revisions\/156224"}],"wp:featuredmedia":[{"embeddable":true,"href":"https:\/\/nvnoticias.mx\/index.php\/wp-json\/wp\/v2\/media\/156173"}],"wp:attachment":[{"href":"https:\/\/nvnoticias.mx\/index.php\/wp-json\/wp\/v2\/media?parent=156223"}],"wp:term":[{"taxonomy":"category","embeddable":true,"href":"https:\/\/nvnoticias.mx\/index.php\/wp-json\/wp\/v2\/categories?post=156223"},{"taxonomy":"post_tag","embeddable":true,"href":"https:\/\/nvnoticias.mx\/index.php\/wp-json\/wp\/v2\/tags?post=156223"}],"curies":[{"name":"wp","href":"https:\/\/api.w.org\/{rel}","templated":true}]}}