{"id":156194,"date":"2024-07-30T13:10:48","date_gmt":"2024-07-30T19:10:48","guid":{"rendered":"https:\/\/nvnoticias.mx\/?p=156194"},"modified":"2024-07-30T13:10:49","modified_gmt":"2024-07-30T19:10:49","slug":"congreso-del-trabajo-busca-relacion-cercana-con-nuevos-diputados-y-administracion-federal","status":"publish","type":"post","link":"https:\/\/nvnoticias.mx\/index.php\/2024\/07\/30\/congreso-del-trabajo-busca-relacion-cercana-con-nuevos-diputados-y-administracion-federal\/","title":{"rendered":"Congreso del Trabajo busca relaci\u00f3n cercana con nuevos diputados y administraci\u00f3n federal"},"content":{"rendered":"\n<p><\/p>\n\n\n\n<p><strong>Jes\u00fas Utrilla \/ NV Noticias<\/strong><\/p>\n\n\n\n<p>El Congreso del Trabajo en Veracruz busca establecer una relaci\u00f3n cercana con los nuevos diputados y la administraci\u00f3n federal para presentar propuestas que beneficien a los empleados de diversos sectores. <\/p>\n\n\n\n<p>Leonel P\u00e9rez Herrera, presidente del Congreso, espera que el salario m\u00ednimo contin\u00fae aumentando para abordar las necesidades de los trabajadores.<\/p>\n\n\n\n<p>Aunque se han logrado avances significativos en el sexenio actual, a\u00fan quedan temas pendientes, como la reducci\u00f3n de la semana laboral de 48 a 40 horas y el aumento del aguinaldo de 15 a 30 d\u00edas.<\/p>\n\n\n\n<blockquote class=\"wp-block-quote is-layout-flow wp-block-quote-is-layout-flow\">\n<p>\u201c<em>Hemos tenido muchas mejoras durante este sexenio para los trabajadores, sin embargo, se qued\u00f3 en el tintero la reducci\u00f3n de la semana de 48 a 40 horas, queremos que avance, igual el aumento de aguinaldo<\/em>\u201d.<\/p>\n<\/blockquote>\n\n\n\n<p>P\u00e9rez Herrera destac\u00f3 que el Congreso del Trabajo monitorea que las empresas cumplan con la Ley Federal del Trabajo, especialmente en cuanto a las vacaciones dignas, y exigir\u00e1 sanciones para aquellas que incumplan.<\/p>\n\n\n\n<p>A pesar de no haber recibido quejas sobre vacaciones dignas, el Congreso del Trabajo se mantiene vigilante para garantizar que las empresas respeten los derechos de los trabajadores y cumplan con la ley.<\/p>\n\n\n\n<p>El Congreso del Trabajo vigila que las empresas no busquen abusar de los empleados.<\/p>\n","protected":false},"excerpt":{"rendered":"<p>Jes\u00fas Utrilla \/ NV Noticias El Congreso del Trabajo en Veracruz busca establecer una relaci\u00f3n cercana con los nuevos diputados y la administraci\u00f3n federal para presentar propuestas que beneficien a los empleados de diversos sectores. Leonel P\u00e9rez Herrera, presidente del Congreso, espera que el salario m\u00ednimo contin\u00fae aumentando para abordar las necesidades de los trabajadores. [&hellip;]<\/p>\n","protected":false},"author":8,"featured_media":156195,"comment_status":"open","ping_status":"open","sticky":false,"template":"","format":"standard","meta":{"_monsterinsights_skip_tracking":false,"_monsterinsights_sitenote_active":false,"_monsterinsights_sitenote_note":"","_monsterinsights_sitenote_category":0,"footnotes":""},"categories":[154],"tags":[30613,3353,566,7446],"class_list":["post-156194","post","type-post","status-publish","format-standard","has-post-thumbnail","hentry","category-veracruz","tag-administracion-federal","tag-congreso-del-trabajo","tag-diputados","tag-relacion","wp-image-borders"],"amp_enabled":true,"_links":{"self":[{"href":"https:\/\/nvnoticias.mx\/index.php\/wp-json\/wp\/v2\/posts\/156194","targetHints":{"allow":["GET"]}}],"collection":[{"href":"https:\/\/nvnoticias.mx\/index.php\/wp-json\/wp\/v2\/posts"}],"about":[{"href":"https:\/\/nvnoticias.mx\/index.php\/wp-json\/wp\/v2\/types\/post"}],"author":[{"embeddable":true,"href":"https:\/\/nvnoticias.mx\/index.php\/wp-json\/wp\/v2\/users\/8"}],"replies":[{"embeddable":true,"href":"https:\/\/nvnoticias.mx\/index.php\/wp-json\/wp\/v2\/comments?post=156194"}],"version-history":[{"count":1,"href":"https:\/\/nvnoticias.mx\/index.php\/wp-json\/wp\/v2\/posts\/156194\/revisions"}],"predecessor-version":[{"id":156196,"href":"https:\/\/nvnoticias.mx\/index.php\/wp-json\/wp\/v2\/posts\/156194\/revisions\/156196"}],"wp:featuredmedia":[{"embeddable":true,"href":"https:\/\/nvnoticias.mx\/index.php\/wp-json\/wp\/v2\/media\/156195"}],"wp:attachment":[{"href":"https:\/\/nvnoticias.mx\/index.php\/wp-json\/wp\/v2\/media?parent=156194"}],"wp:term":[{"taxonomy":"category","embeddable":true,"href":"https:\/\/nvnoticias.mx\/index.php\/wp-json\/wp\/v2\/categories?post=156194"},{"taxonomy":"post_tag","embeddable":true,"href":"https:\/\/nvnoticias.mx\/index.php\/wp-json\/wp\/v2\/tags?post=156194"}],"curies":[{"name":"wp","href":"https:\/\/api.w.org\/{rel}","templated":true}]}}