{"id":15602,"date":"2021-06-07T14:45:09","date_gmt":"2021-06-07T19:45:09","guid":{"rendered":"https:\/\/nvnoticias.mx\/?p=15602"},"modified":"2021-06-07T14:45:11","modified_gmt":"2021-06-07T19:45:11","slug":"ine-concluye-captura-y-realizara-sesion-de-computo-distrital","status":"publish","type":"post","link":"https:\/\/nvnoticias.mx\/index.php\/2021\/06\/07\/ine-concluye-captura-y-realizara-sesion-de-computo-distrital\/","title":{"rendered":"INE concluye captura y realizar\u00e1 sesi\u00f3n de c\u00f3mputo distrital"},"content":{"rendered":"\n<p><strong>Jes\u00fas Utrilla \/ NV Noticias<\/strong><\/p>\n\n\n\n<p>Veracruz.- El Instituto Nacional Electoral Distrito 12 realizar\u00e1 el mi\u00e9rcoles la sesi\u00f3n de c\u00f3mputo distrital y decretar\u00e1 el resultado oficial de la elecci\u00f3n.<\/p>\n\n\n\n<p>Nelson Hern\u00e1ndez Rojas, vocal ejecutivo de la Junta Distrital n\u00famero 12 del INE, afirm\u00f3 que terminaron con la lectura en voz alta de los resultados, la captura y la publicaci\u00f3n de resultados preliminares de las elecciones del domingo.<\/p>\n\n\n\n<p>Ahora efectuar\u00e1n la sesi\u00f3n de c\u00f3mputo distrital, misma que podr\u00eda concluir el mi\u00e9rcoles, jueves o viernes.<\/p>\n\n\n\n<p>Despu\u00e9s de ello se puede emitir la declaratoria de validez y entregar la constancia de mayor\u00eda a la f\u00f3rmula ganadora a la diputaci\u00f3n federal por el distrito 12 de Veracruz.<\/p>\n\n\n\n<blockquote class=\"wp-block-quote is-layout-flow wp-block-quote-is-layout-flow\"><p><em>\u201cEl t\u00e9rmino de la misma se llevar\u00e1 a cabo de conformidad con los procedimientos establecidos como recuento de paquetes electorales, si fuera el caso. Es hasta este mi\u00e9rcoles que iniciaremos con el c\u00f3mputo definitivo de esta elecci\u00f3n a diputado federal\u201d.<\/em><\/p><\/blockquote>\n\n\n\n<p>A partir de la fecha en que concluye el c\u00f3mputo distrital se contabilizan estos cuatro d\u00edas para que puedan imponer alg\u00fan tipo de medio de impugnaci\u00f3n si llegan a sentirse vulnerados sus derechos por la actuaci\u00f3n de la autoridad administrativa electoral.<\/p>\n\n\n\n<p>Por otro lado afirm\u00f3 que se logr\u00f3 instalar las 608 casillas que estaban programadas para la jornada electoral y se recibi\u00f3 la papeler\u00eda como estaba programado.<\/p>\n","protected":false},"excerpt":{"rendered":"<p>Jes\u00fas Utrilla \/ NV Noticias Veracruz.- El Instituto Nacional Electoral Distrito 12 realizar\u00e1 el mi\u00e9rcoles la sesi\u00f3n de c\u00f3mputo distrital y decretar\u00e1 el resultado oficial de la elecci\u00f3n. Nelson Hern\u00e1ndez Rojas, vocal ejecutivo de la Junta Distrital n\u00famero 12 del INE, afirm\u00f3 que terminaron con la lectura en voz alta de los resultados, la captura [&hellip;]<\/p>\n","protected":false},"author":7,"featured_media":15603,"comment_status":"open","ping_status":"open","sticky":false,"template":"","format":"standard","meta":{"_monsterinsights_skip_tracking":false,"_monsterinsights_sitenote_active":false,"_monsterinsights_sitenote_note":"","_monsterinsights_sitenote_category":0,"footnotes":""},"categories":[154],"tags":[443,445,1111],"class_list":["post-15602","post","type-post","status-publish","format-standard","has-post-thumbnail","hentry","category-veracruz","tag-ine","tag-instituto-nacional-electoral","tag-junta-distrital-ine-veracruz","wp-image-borders"],"amp_enabled":true,"_links":{"self":[{"href":"https:\/\/nvnoticias.mx\/index.php\/wp-json\/wp\/v2\/posts\/15602","targetHints":{"allow":["GET"]}}],"collection":[{"href":"https:\/\/nvnoticias.mx\/index.php\/wp-json\/wp\/v2\/posts"}],"about":[{"href":"https:\/\/nvnoticias.mx\/index.php\/wp-json\/wp\/v2\/types\/post"}],"author":[{"embeddable":true,"href":"https:\/\/nvnoticias.mx\/index.php\/wp-json\/wp\/v2\/users\/7"}],"replies":[{"embeddable":true,"href":"https:\/\/nvnoticias.mx\/index.php\/wp-json\/wp\/v2\/comments?post=15602"}],"version-history":[{"count":1,"href":"https:\/\/nvnoticias.mx\/index.php\/wp-json\/wp\/v2\/posts\/15602\/revisions"}],"predecessor-version":[{"id":15604,"href":"https:\/\/nvnoticias.mx\/index.php\/wp-json\/wp\/v2\/posts\/15602\/revisions\/15604"}],"wp:featuredmedia":[{"embeddable":true,"href":"https:\/\/nvnoticias.mx\/index.php\/wp-json\/wp\/v2\/media\/15603"}],"wp:attachment":[{"href":"https:\/\/nvnoticias.mx\/index.php\/wp-json\/wp\/v2\/media?parent=15602"}],"wp:term":[{"taxonomy":"category","embeddable":true,"href":"https:\/\/nvnoticias.mx\/index.php\/wp-json\/wp\/v2\/categories?post=15602"},{"taxonomy":"post_tag","embeddable":true,"href":"https:\/\/nvnoticias.mx\/index.php\/wp-json\/wp\/v2\/tags?post=15602"}],"curies":[{"name":"wp","href":"https:\/\/api.w.org\/{rel}","templated":true}]}}