{"id":155941,"date":"2024-07-28T09:33:32","date_gmt":"2024-07-28T15:33:32","guid":{"rendered":"https:\/\/nvnoticias.mx\/?p=155941"},"modified":"2024-07-28T09:33:33","modified_gmt":"2024-07-28T15:33:33","slug":"critica-harris-a-trump-por-declarar-que-pondra-fin-a-las-elecciones-si-gana-las-elecciones-de-eu","status":"publish","type":"post","link":"https:\/\/nvnoticias.mx\/index.php\/2024\/07\/28\/critica-harris-a-trump-por-declarar-que-pondra-fin-a-las-elecciones-si-gana-las-elecciones-de-eu\/","title":{"rendered":"Critica Harris a Trump por declarar que pondr\u00e1 fin a las elecciones si gana las elecciones de EU"},"content":{"rendered":"\n<p>La campa\u00f1a de la vicepresidenta de\u00a0<strong>Estados Unidos<\/strong>\u00a0y virtual candidata dem\u00f3crata,\u00a0<strong>Kamala Harris<\/strong>, arremeti\u00f3 este s\u00e1bado contra su rival republicano,\u00a0<strong>Donald Trump<\/strong>, por las declaraciones que realiz\u00f3 la noche del viernes a sus seguidores, sugiriendo que si le eligen &#8220;no tendr\u00e1n que volver a votar&#8221;.<\/p>\n\n\n\n<p>En un comunicado, el equipo de Harris consider\u00f3 que las palabras de Trump implican en la pr\u00e1ctica &#8220;una promesa para\u00a0<strong>acabar con la democracia<\/strong>&#8220;.<\/p>\n\n\n\n<blockquote class=\"wp-block-quote is-layout-flow wp-block-quote-is-layout-flow\">\n<p>&#8220;Cuando la vicepresidenta Harris afirma que, en estas elecciones, nos jugamos la libertad, lo dice en serio. Nuestra democracia est\u00e1 siendo atacada por el criminal Donald Trump: Despu\u00e9s de los \u00faltimos comicios, envi\u00f3 a una turba para anular los resultados electorales&#8221;, manifest\u00f3 en un comunicado la campa\u00f1a de Harris, aludiendo al asalto al Capitolio del 6 de enero de 2021.<\/p>\n<\/blockquote>\n\n\n\n<p>Ese d\u00eda, seguidores de Trump irrumpieron en el Capitolio cuando estaba previsto que se certificaran los resultados de las elecciones de 2020, en las que el actual mandatario, el dem\u00f3crata\u00a0<strong>Joe Biden<\/strong>, derrot\u00f3 a Trump. En ese suceso fallecieron cinco personas, incluido un polic\u00eda, mientras que cuatro agentes se quitaron la vida posteriormente.<\/p>\n\n\n\n<p>En un acto en Florida celebrado anoche, Trump se dirigi\u00f3 a los asistentes, la mayor\u00eda cristianos, para decirles que &#8220;si votan por \u00e9l este noviembre, en cuatro a\u00f1os no tendr\u00e1n que votar de nuevo&#8221;. &#8220;Lo habremos arreglado tan bien que no ser\u00e1 necesario que voten&#8221;, afirm\u00f3.<\/p>\n\n\n\n<p>Fuente: <a href=\"https:\/\/www.eluniversal.com.mx\/mundo\/kamala-harris-critica-a-trump-por-declarar-que-pondra-fin-a-las-elecciones-si-gana-las-elecciones-de-eu\/\" data-type=\"link\" data-id=\"https:\/\/www.eluniversal.com.mx\/mundo\/kamala-harris-critica-a-trump-por-declarar-que-pondra-fin-a-las-elecciones-si-gana-las-elecciones-de-eu\/\">El Universal<\/a><\/p>\n","protected":false},"excerpt":{"rendered":"<p>La campa\u00f1a de la vicepresidenta de\u00a0Estados Unidos\u00a0y virtual candidata dem\u00f3crata,\u00a0Kamala Harris, arremeti\u00f3 este s\u00e1bado contra su rival republicano,\u00a0Donald Trump, por las declaraciones que realiz\u00f3 la noche del viernes a sus seguidores, sugiriendo que si le eligen &#8220;no tendr\u00e1n que volver a votar&#8221;. En un comunicado, el equipo de Harris consider\u00f3 que las palabras de Trump [&hellip;]<\/p>\n","protected":false},"author":35,"featured_media":155441,"comment_status":"open","ping_status":"open","sticky":false,"template":"","format":"standard","meta":{"_monsterinsights_skip_tracking":false,"_monsterinsights_sitenote_active":false,"_monsterinsights_sitenote_note":"","_monsterinsights_sitenote_category":0,"footnotes":""},"categories":[181],"tags":[12250,230,2515],"class_list":["post-155941","post","type-post","status-publish","format-standard","has-post-thumbnail","hentry","category-internacional","tag-critica-2","tag-donald-trump","tag-kamala-harris","wp-image-borders"],"amp_enabled":true,"_links":{"self":[{"href":"https:\/\/nvnoticias.mx\/index.php\/wp-json\/wp\/v2\/posts\/155941","targetHints":{"allow":["GET"]}}],"collection":[{"href":"https:\/\/nvnoticias.mx\/index.php\/wp-json\/wp\/v2\/posts"}],"about":[{"href":"https:\/\/nvnoticias.mx\/index.php\/wp-json\/wp\/v2\/types\/post"}],"author":[{"embeddable":true,"href":"https:\/\/nvnoticias.mx\/index.php\/wp-json\/wp\/v2\/users\/35"}],"replies":[{"embeddable":true,"href":"https:\/\/nvnoticias.mx\/index.php\/wp-json\/wp\/v2\/comments?post=155941"}],"version-history":[{"count":5,"href":"https:\/\/nvnoticias.mx\/index.php\/wp-json\/wp\/v2\/posts\/155941\/revisions"}],"predecessor-version":[{"id":155946,"href":"https:\/\/nvnoticias.mx\/index.php\/wp-json\/wp\/v2\/posts\/155941\/revisions\/155946"}],"wp:featuredmedia":[{"embeddable":true,"href":"https:\/\/nvnoticias.mx\/index.php\/wp-json\/wp\/v2\/media\/155441"}],"wp:attachment":[{"href":"https:\/\/nvnoticias.mx\/index.php\/wp-json\/wp\/v2\/media?parent=155941"}],"wp:term":[{"taxonomy":"category","embeddable":true,"href":"https:\/\/nvnoticias.mx\/index.php\/wp-json\/wp\/v2\/categories?post=155941"},{"taxonomy":"post_tag","embeddable":true,"href":"https:\/\/nvnoticias.mx\/index.php\/wp-json\/wp\/v2\/tags?post=155941"}],"curies":[{"name":"wp","href":"https:\/\/api.w.org\/{rel}","templated":true}]}}