{"id":155914,"date":"2024-07-28T09:07:35","date_gmt":"2024-07-28T15:07:35","guid":{"rendered":"https:\/\/nvnoticias.mx\/?p=155914"},"modified":"2024-07-28T09:07:37","modified_gmt":"2024-07-28T15:07:37","slug":"piden-en-senado-y-a-claudia-sheinbaum-regular-medicina-estetica-para-frenar-escuelas-patito","status":"publish","type":"post","link":"https:\/\/nvnoticias.mx\/index.php\/2024\/07\/28\/piden-en-senado-y-a-claudia-sheinbaum-regular-medicina-estetica-para-frenar-escuelas-patito\/","title":{"rendered":"Piden en Senado y a Claudia Sheinbaum regular medicina est\u00e9tica para frenar escuelas \u201cpatito\u201d"},"content":{"rendered":"\n<p><strong>M\u00e9dicos<\/strong>\u00a0y pasantes de medicina exhortaron al<strong>Senado<\/strong>\u00a0de la Rep\u00fablica y al pr\u00f3ximo gobierno de<strong>Claudia Sheinbaum<\/strong>, sobre todo a la<strong>\u00a0Secretar\u00eda de Salud\u00a0<\/strong>y en\u00a0<strong>Cofepris<\/strong>, revertir el desorden que solap\u00f3 el exsubsecretario de Salud, Hugo L\u00f3pez Gatell, en el tema de la certificaci\u00f3n de\u00a0<strong>universidades e institutos \u201cpatito\u201d<\/strong>\u00a0donde certifica a\u00a0<strong>supuestos especialistas<\/strong>\u00a0en esa materia.<\/p>\n\n\n\n<p>Despu\u00e9s de una reuni\u00f3n con senadores solicitaron la intervenci\u00f3n de la Secretar\u00eda de Salud, de la Cofepris (Comisi\u00f3n Federal para la Protecci\u00f3n contra Riesgos Sanitario) y del Senado de la Rep\u00fablica, para exhortar al gobernador de Nuevo Le\u00f3n, Samuel Garc\u00eda, a que revise la operaci\u00f3n varios de institutos y universidades donde se est\u00e1n \u201cgraduando\u201d en un a\u00f1o como\u00a0<strong>especialistas<\/strong>\u00a0en\u00a0<strong>medicina est\u00e9tica<\/strong>.<\/p>\n\n\n\n<p>En ese sentido, al reunirse con legisladores de la C\u00e1mara alta, pidieron su intervenci\u00f3n para que se presente un punto de acuerdo para que el mandatario estatal haga una revisi\u00f3n exhaustiva de la\u00a0<strong>Universidad Kirei<\/strong>\u00a0y su\u00a0<strong>Instituto de Cosmetolog\u00eda Kirei S.A de C.V<\/strong>., ante la incertidumbre que han generado la validez y seguridad de su programa de Especialidad en Est\u00e9tica Facial y Corporal.<\/p>\n\n\n\n<p>Fuente<a href=\"https:\/\/www.eluniversal.com.mx\/nacion\/piden-en-senado-y-a-claudia-sheinbaum-regular-medicina-estetica-para-frenar-escuelas-patito\/?outputType=amp\" data-type=\"link\" data-id=\"https:\/\/www.eluniversal.com.mx\/nacion\/piden-en-senado-y-a-claudia-sheinbaum-regular-medicina-estetica-para-frenar-escuelas-patito\/?outputType=amp\">: El Universal<\/a> <\/p>\n","protected":false},"excerpt":{"rendered":"<p>M\u00e9dicos\u00a0y pasantes de medicina exhortaron alSenado\u00a0de la Rep\u00fablica y al pr\u00f3ximo gobierno deClaudia Sheinbaum, sobre todo a la\u00a0Secretar\u00eda de Salud\u00a0y en\u00a0Cofepris, revertir el desorden que solap\u00f3 el exsubsecretario de Salud, Hugo L\u00f3pez Gatell, en el tema de la certificaci\u00f3n de\u00a0universidades e institutos \u201cpatito\u201d\u00a0donde certifica a\u00a0supuestos especialistas\u00a0en esa materia. Despu\u00e9s de una reuni\u00f3n con senadores solicitaron [&hellip;]<\/p>\n","protected":false},"author":35,"featured_media":52136,"comment_status":"open","ping_status":"open","sticky":false,"template":"","format":"standard","meta":{"_monsterinsights_skip_tracking":false,"_monsterinsights_sitenote_active":false,"_monsterinsights_sitenote_note":"","_monsterinsights_sitenote_category":0,"footnotes":""},"categories":[158],"tags":[2801,369],"class_list":["post-155914","post","type-post","status-publish","format-standard","has-post-thumbnail","hentry","category-politica","tag-claudia-sheinbaum","tag-senado","wp-image-borders"],"amp_enabled":true,"_links":{"self":[{"href":"https:\/\/nvnoticias.mx\/index.php\/wp-json\/wp\/v2\/posts\/155914","targetHints":{"allow":["GET"]}}],"collection":[{"href":"https:\/\/nvnoticias.mx\/index.php\/wp-json\/wp\/v2\/posts"}],"about":[{"href":"https:\/\/nvnoticias.mx\/index.php\/wp-json\/wp\/v2\/types\/post"}],"author":[{"embeddable":true,"href":"https:\/\/nvnoticias.mx\/index.php\/wp-json\/wp\/v2\/users\/35"}],"replies":[{"embeddable":true,"href":"https:\/\/nvnoticias.mx\/index.php\/wp-json\/wp\/v2\/comments?post=155914"}],"version-history":[{"count":3,"href":"https:\/\/nvnoticias.mx\/index.php\/wp-json\/wp\/v2\/posts\/155914\/revisions"}],"predecessor-version":[{"id":155917,"href":"https:\/\/nvnoticias.mx\/index.php\/wp-json\/wp\/v2\/posts\/155914\/revisions\/155917"}],"wp:featuredmedia":[{"embeddable":true,"href":"https:\/\/nvnoticias.mx\/index.php\/wp-json\/wp\/v2\/media\/52136"}],"wp:attachment":[{"href":"https:\/\/nvnoticias.mx\/index.php\/wp-json\/wp\/v2\/media?parent=155914"}],"wp:term":[{"taxonomy":"category","embeddable":true,"href":"https:\/\/nvnoticias.mx\/index.php\/wp-json\/wp\/v2\/categories?post=155914"},{"taxonomy":"post_tag","embeddable":true,"href":"https:\/\/nvnoticias.mx\/index.php\/wp-json\/wp\/v2\/tags?post=155914"}],"curies":[{"name":"wp","href":"https:\/\/api.w.org\/{rel}","templated":true}]}}