{"id":155814,"date":"2024-07-26T12:58:58","date_gmt":"2024-07-26T18:58:58","guid":{"rendered":"https:\/\/nvnoticias.mx\/?p=155814"},"modified":"2024-07-26T12:59:00","modified_gmt":"2024-07-26T18:59:00","slug":"yo-creo-que-la-periodista-anabel-hernandez-es-informante-de-la-dea-amlo","status":"publish","type":"post","link":"https:\/\/nvnoticias.mx\/index.php\/2024\/07\/26\/yo-creo-que-la-periodista-anabel-hernandez-es-informante-de-la-dea-amlo\/","title":{"rendered":"Yo creo que la periodista Anabel Hern\u00e1ndez es informante de la DEA: AMLO"},"content":{"rendered":"\n<p>Tras el\u00a0<strong>arresto de Ismael \u201cEl Mayo\u201d Zambada y Joaqu\u00edn Guzm\u00e1n L\u00f3pez<\/strong>, hijo de<strong>\u00a0Joaqu\u00edn \u201cEl Chapo\u201d Guzm\u00e1n<\/strong>, el presidente\u00a0<strong>Andr\u00e9s Manuel L\u00f3pez Obrador<\/strong>\u00a0descalific\u00f3 el trabajo de la periodista\u00a0<strong>Anabel Hern\u00e1ndez<\/strong>\u00a0y declar\u00f3 que \u201cyo creo que la se\u00f1ora es informante de la\u00a0<strong>DEA<\/strong>&#8220;.<\/p>\n\n\n\n<p>En su conferencia ma\u00f1anera de este viernes 26 de julio en Palacio Nacional, el presidente L\u00f3pez Obrador rechaz\u00f3 haber hablado por tel\u00e9fono y conocer a<strong>\u00a0\u201cEl Mayo\u201d Zambada<\/strong>, ante la informaci\u00f3n de la periodista publicada en un libro.<\/p>\n\n\n\n<p>\u201cPero no es que la se\u00f1ora (<strong>Anabel Hern\u00e1ndez<\/strong>) invente nada m\u00e1s, no solo es que tenga mucha imaginaci\u00f3n, es que yo creo que la se\u00f1ora es informante de la DEA.<\/p>\n\n\n\n<blockquote class=\"wp-block-quote is-layout-flow wp-block-quote-is-layout-flow\">\n<p>\u201c\u00bfY cu\u00e1l es el fondo del asunto? Pues lo que quieren es debilitar las instituciones para que si el gobierno est\u00e1 d\u00e9bil, puedan mandarnos desde el extranjero, nada m\u00e1s que eso no lo han logrado ni lo van a lograr porque yo puedo resistir\u201d, expres\u00f3 al se\u00f1alar que tiene autoridad moral.<\/p>\n<\/blockquote>\n\n\n\n<p>Fuente: <a href=\"https:\/\/www.eluniversal.com.mx\/nacion\/amlo-yo-creo-que-la-periodista-anabel-hernandez-es-informante-de-la-dea\/\" data-type=\"link\" data-id=\"https:\/\/www.eluniversal.com.mx\/nacion\/amlo-yo-creo-que-la-periodista-anabel-hernandez-es-informante-de-la-dea\/\">El Universal<\/a><\/p>\n","protected":false},"excerpt":{"rendered":"<p>Tras el\u00a0arresto de Ismael \u201cEl Mayo\u201d Zambada y Joaqu\u00edn Guzm\u00e1n L\u00f3pez, hijo de\u00a0Joaqu\u00edn \u201cEl Chapo\u201d Guzm\u00e1n, el presidente\u00a0Andr\u00e9s Manuel L\u00f3pez Obrador\u00a0descalific\u00f3 el trabajo de la periodista\u00a0Anabel Hern\u00e1ndez\u00a0y declar\u00f3 que \u201cyo creo que la se\u00f1ora es informante de la\u00a0DEA&#8220;. En su conferencia ma\u00f1anera de este viernes 26 de julio en Palacio Nacional, el presidente L\u00f3pez Obrador [&hellip;]<\/p>\n","protected":false},"author":35,"featured_media":54261,"comment_status":"open","ping_status":"open","sticky":false,"template":"","format":"standard","meta":{"_monsterinsights_skip_tracking":false,"_monsterinsights_sitenote_active":false,"_monsterinsights_sitenote_note":"","_monsterinsights_sitenote_category":0,"footnotes":""},"categories":[158],"tags":[188,29491,478],"class_list":["post-155814","post","type-post","status-publish","format-standard","has-post-thumbnail","hentry","category-politica","tag-amlo","tag-anabel-hernandez","tag-dea","wp-image-borders"],"amp_enabled":true,"_links":{"self":[{"href":"https:\/\/nvnoticias.mx\/index.php\/wp-json\/wp\/v2\/posts\/155814","targetHints":{"allow":["GET"]}}],"collection":[{"href":"https:\/\/nvnoticias.mx\/index.php\/wp-json\/wp\/v2\/posts"}],"about":[{"href":"https:\/\/nvnoticias.mx\/index.php\/wp-json\/wp\/v2\/types\/post"}],"author":[{"embeddable":true,"href":"https:\/\/nvnoticias.mx\/index.php\/wp-json\/wp\/v2\/users\/35"}],"replies":[{"embeddable":true,"href":"https:\/\/nvnoticias.mx\/index.php\/wp-json\/wp\/v2\/comments?post=155814"}],"version-history":[{"count":2,"href":"https:\/\/nvnoticias.mx\/index.php\/wp-json\/wp\/v2\/posts\/155814\/revisions"}],"predecessor-version":[{"id":155816,"href":"https:\/\/nvnoticias.mx\/index.php\/wp-json\/wp\/v2\/posts\/155814\/revisions\/155816"}],"wp:featuredmedia":[{"embeddable":true,"href":"https:\/\/nvnoticias.mx\/index.php\/wp-json\/wp\/v2\/media\/54261"}],"wp:attachment":[{"href":"https:\/\/nvnoticias.mx\/index.php\/wp-json\/wp\/v2\/media?parent=155814"}],"wp:term":[{"taxonomy":"category","embeddable":true,"href":"https:\/\/nvnoticias.mx\/index.php\/wp-json\/wp\/v2\/categories?post=155814"},{"taxonomy":"post_tag","embeddable":true,"href":"https:\/\/nvnoticias.mx\/index.php\/wp-json\/wp\/v2\/tags?post=155814"}],"curies":[{"name":"wp","href":"https:\/\/api.w.org\/{rel}","templated":true}]}}