{"id":155685,"date":"2024-07-25T11:04:18","date_gmt":"2024-07-25T17:04:18","guid":{"rendered":"https:\/\/nvnoticias.mx\/?p=155685"},"modified":"2024-07-25T11:04:20","modified_gmt":"2024-07-25T17:04:20","slug":"condena-kamala-harris-quema-de-la-bandera-de-eu-durante-protesta-contra-netanyahu-en-washington","status":"publish","type":"post","link":"https:\/\/nvnoticias.mx\/index.php\/2024\/07\/25\/condena-kamala-harris-quema-de-la-bandera-de-eu-durante-protesta-contra-netanyahu-en-washington\/","title":{"rendered":"Condena Kamala Harris quema de la bandera de EU durante protesta contra Netanyahu en Washington"},"content":{"rendered":"\n<p>La vicepresidenta de Estados Unidos y presumible candidata dem\u00f3crata,<a href=\"https:\/\/www.eluniversal.com.mx\/\" target=\"_blank\" rel=\"noreferrer noopener\"><\/a><strong>Kamala Harris<\/strong>, conden\u00f3 la quema de una bandera estadounidense en la protesta de ayer contra la visita del primer ministro israel\u00ed,\u00a0<strong>Benjam\u00edn Netanyahu<\/strong>, en Washington.<\/p>\n\n\n\n<p>&#8220;Condeno la quema de la bandera estadounidense. Esa bandera es un s\u00edmbolo de nuestros m\u00e1s altos ideales como naci\u00f3n y representa la promesa de Estados Unidos. Nunca deber\u00eda ser profanado de esa manera&#8221;, apunt\u00f3 Harris en un comunicado.<\/p>\n\n\n\n<p>Miles de personas se manifestaron el mi\u00e9rcoles en las calles de\u00a0<strong>Washington\u00a0<\/strong>contra el discurso que Netanyahu ofreci\u00f3 en el\u00a0<strong>Congreso\u00a0<\/strong>estadounidense. Aunque la mayor\u00eda de la protesta transcurri\u00f3 sin incidentes, hubo peque\u00f1os enfrentamientos con las fuerzas del orden y\u00a0<strong>23 personas fueron arrestadas<\/strong>.<\/p>\n\n\n\n<p><strong>Manifestantes propalestinos<\/strong>\u00a0quemaron una bandera estadounidense frente a la estaci\u00f3n de tren Union Station junto a una efigie de Netanyahu y pintaron las estatuas de la zona con mensajes como &#8220;<strong>Gaza libre<\/strong>&#8220;, &#8220;Ya viene Hamas&#8221; o &#8220;Todos los sionistas son bastardos&#8221;.<\/p>\n\n\n\n<figure class=\"wp-block-image size-large is-resized\"><img loading=\"lazy\" decoding=\"async\" width=\"1024\" height=\"631\" src=\"https:\/\/nvnoticias.mx\/wp-content\/uploads\/2024\/07\/image-8-1024x631.png\" alt=\"\" class=\"wp-image-155687\" style=\"width:660px;height:auto\" srcset=\"https:\/\/nvnoticias.mx\/wp-content\/uploads\/2024\/07\/image-8-1024x631.png 1024w, https:\/\/nvnoticias.mx\/wp-content\/uploads\/2024\/07\/image-8-300x185.png 300w, https:\/\/nvnoticias.mx\/wp-content\/uploads\/2024\/07\/image-8-768x473.png 768w, https:\/\/nvnoticias.mx\/wp-content\/uploads\/2024\/07\/image-8.png 1201w\" sizes=\"auto, (max-width: 1024px) 100vw, 1024px\" \/><\/figure>\n\n\n\n<blockquote class=\"wp-block-quote is-layout-flow wp-block-quote-is-layout-flow\">\n<p>&#8220;Ayer, en Union Station en Washington, D.C. vimos actos despreciables por parte de manifestantes antipatri\u00f3ticos y una peligrosa ret\u00f3rica alimentada por el odio&#8221;, apunt\u00f3 Harris en su mensaje.<\/p>\n<\/blockquote>\n\n\n\n<p>La vicepresidenta conden\u00f3 &#8220;a cualquier individuo que se asocie con la brutal organizaci\u00f3n terrorista Hamas, que ha prometido aniquilar al Estado de Israel y matar jud\u00edos&#8221;.<\/p>\n\n\n\n<blockquote class=\"wp-block-quote is-layout-flow wp-block-quote-is-layout-flow\">\n<p>&#8220;Los grafitis y la ret\u00f3rica a favor de Hamas son aborrecibles y no debemos tolerarlos en nuestra naci\u00f3n&#8221;, afirm\u00f3 la vicepresidenta, quien asegur\u00f3 que apoya el derecho a protestar pac\u00edficamente, aunque &#8220;el antisemitismo, el odio y la violencia de cualquier tipo no tienen cabida&#8221; en el pa\u00eds.<\/p>\n<\/blockquote>\n\n\n\n<p>Kamala Harris, \u00fanica aspirante a la nominaci\u00f3n presidencial dem\u00f3crata tras la renuncia de\u00a0<strong>Joe Biden<\/strong>\u00a0a presentarse a la reelecci\u00f3n, ha sido una de las voces de la Administraci\u00f3n m\u00e1s cr\u00edtica por la muerte de miles de civiles en la ofensiva de Israel sobre la\u00a0<strong>Franja de Gaza.<\/strong><\/p>\n\n\n\n<p>Fuente:<a href=\"https:\/\/www.eluniversal.com.mx\/mundo\/kamala-harris-condena-quema-de-la-bandera-de-eu-durante-protesta-contra-netanyahu-en-washington\/\" data-type=\"link\" data-id=\"https:\/\/www.eluniversal.com.mx\/mundo\/kamala-harris-condena-quema-de-la-bandera-de-eu-durante-protesta-contra-netanyahu-en-washington\/\"> El Universal<\/a><\/p>\n","protected":false},"excerpt":{"rendered":"<p>La vicepresidenta de Estados Unidos y presumible candidata dem\u00f3crata,Kamala Harris, conden\u00f3 la quema de una bandera estadounidense en la protesta de ayer contra la visita del primer ministro israel\u00ed,\u00a0Benjam\u00edn Netanyahu, en Washington. &#8220;Condeno la quema de la bandera estadounidense. Esa bandera es un s\u00edmbolo de nuestros m\u00e1s altos ideales como naci\u00f3n y representa la promesa [&hellip;]<\/p>\n","protected":false},"author":35,"featured_media":20988,"comment_status":"open","ping_status":"open","sticky":false,"template":"","format":"standard","meta":{"_monsterinsights_skip_tracking":false,"_monsterinsights_sitenote_active":false,"_monsterinsights_sitenote_note":"","_monsterinsights_sitenote_category":0,"footnotes":""},"categories":[181],"tags":[28794,183,2515,3492,149],"class_list":["post-155685","post","type-post","status-publish","format-standard","has-post-thumbnail","hentry","category-internacional","tag-benjamin-netanyahu","tag-estados-unidos","tag-kamala-harris","tag-protesta","tag-washington","wp-image-borders"],"amp_enabled":true,"_links":{"self":[{"href":"https:\/\/nvnoticias.mx\/index.php\/wp-json\/wp\/v2\/posts\/155685","targetHints":{"allow":["GET"]}}],"collection":[{"href":"https:\/\/nvnoticias.mx\/index.php\/wp-json\/wp\/v2\/posts"}],"about":[{"href":"https:\/\/nvnoticias.mx\/index.php\/wp-json\/wp\/v2\/types\/post"}],"author":[{"embeddable":true,"href":"https:\/\/nvnoticias.mx\/index.php\/wp-json\/wp\/v2\/users\/35"}],"replies":[{"embeddable":true,"href":"https:\/\/nvnoticias.mx\/index.php\/wp-json\/wp\/v2\/comments?post=155685"}],"version-history":[{"count":2,"href":"https:\/\/nvnoticias.mx\/index.php\/wp-json\/wp\/v2\/posts\/155685\/revisions"}],"predecessor-version":[{"id":155688,"href":"https:\/\/nvnoticias.mx\/index.php\/wp-json\/wp\/v2\/posts\/155685\/revisions\/155688"}],"wp:featuredmedia":[{"embeddable":true,"href":"https:\/\/nvnoticias.mx\/index.php\/wp-json\/wp\/v2\/media\/20988"}],"wp:attachment":[{"href":"https:\/\/nvnoticias.mx\/index.php\/wp-json\/wp\/v2\/media?parent=155685"}],"wp:term":[{"taxonomy":"category","embeddable":true,"href":"https:\/\/nvnoticias.mx\/index.php\/wp-json\/wp\/v2\/categories?post=155685"},{"taxonomy":"post_tag","embeddable":true,"href":"https:\/\/nvnoticias.mx\/index.php\/wp-json\/wp\/v2\/tags?post=155685"}],"curies":[{"name":"wp","href":"https:\/\/api.w.org\/{rel}","templated":true}]}}