{"id":155671,"date":"2024-07-25T09:21:33","date_gmt":"2024-07-25T15:21:33","guid":{"rendered":"https:\/\/nvnoticias.mx\/?p=155671"},"modified":"2024-07-25T10:44:38","modified_gmt":"2024-07-25T16:44:38","slug":"discrepan-sheinbaum-y-trump-sobre-seguridad-de-mexico","status":"publish","type":"post","link":"https:\/\/nvnoticias.mx\/index.php\/2024\/07\/25\/discrepan-sheinbaum-y-trump-sobre-seguridad-de-mexico\/","title":{"rendered":"Discrepan Sheinbaum y Trump sobre seguridad de M\u00e9xico"},"content":{"rendered":"\n<p>La virtual presidenta electa\u00a0<strong>Claudia Sheinbaum Pardo<\/strong>rechaz\u00f3 las declaraciones del expresidente de Estados Unidos y candidato republicano a la Casa Blanca,\u00a0<strong>Donald Trump<\/strong>, quien dijo que c\u00e1rteles de la droga manejan el pa\u00eds y pueden tirar al presidente en dos minutos, as\u00ed como que M\u00e9xico est\u00e1 petrificado ante este problema.<\/p>\n\n\n\n<blockquote class=\"wp-block-quote is-layout-flow wp-block-quote-is-layout-flow\">\n<p>\u201cNo estoy de acuerdo y por eso tambi\u00e9n la gr\u00e1fica que presento hoy [sobre la reducci\u00f3n de la percepci\u00f3n de inseguridad]. M\u00e9xico ha avanzado en\u00a0<strong>disminuci\u00f3n de la inseguridad<\/strong>\u00a0y vamos a avanzar todav\u00eda m\u00e1s\u201d, asegur\u00f3 en conferencia de prensa al ser cuestionada sobre las declaraciones de Trump en una entrevista en Fox News en la que sostuvo que\u00a0<strong>\u201clos c\u00e1rteles de la droga manejan a M\u00e9xico\u201d<\/strong>.<\/p>\n<\/blockquote>\n\n\n\n<p>Antes, Sheinbaum Pardo present\u00f3 los resultados de la m\u00e1s reciente\u00a0<strong>Encuesta Nacional de Seguridad Urbana<\/strong>\u00a0(ENSU) que realiza el<strong>\u00a0Instituto Nacional de Estad\u00edstica y Geograf\u00eda<\/strong>\u00a0(Inegi), los cuales destacan que los mexicanos \u201cse sienten m\u00e1s seguros que en 2018\u201d.<\/p>\n\n\n\n<blockquote class=\"wp-block-quote is-layout-flow wp-block-quote-is-layout-flow\">\n<p>\u201cM\u00e1s all\u00e1 de los propios datos que claramente muestran la<strong>\u00a0disminuci\u00f3n de homicidios<\/strong>\u00a0y de otros delitos, las personas hoy se sienten m\u00e1s seguras que en 2018 y de ah\u00ed vamos a tomar el gobierno el 1 de octubre y nuestro objetivo es todav\u00eda disminuir m\u00e1s y con mayor rapidez (\u2026) como lo hicimos con la estrategia en la\u00a0<strong>Ciudad de M\u00e9xico<\/strong>\u201d, coment\u00f3 en la conferencia.<\/p>\n<\/blockquote>\n\n\n\n<p>Fuente: <a href=\"https:\/\/www.eluniversal.com.mx\/nacion\/la-gente-se-siente-mas-segura-que-en-2018\/?outputType=amp\" data-type=\"link\" data-id=\"https:\/\/www.eluniversal.com.mx\/nacion\/la-gente-se-siente-mas-segura-que-en-2018\/?outputType=amp\">El Universal<\/a> <\/p>\n","protected":false},"excerpt":{"rendered":"<p>La virtual presidenta electa\u00a0Claudia Sheinbaum Pardorechaz\u00f3 las declaraciones del expresidente de Estados Unidos y candidato republicano a la Casa Blanca,\u00a0Donald Trump, quien dijo que c\u00e1rteles de la droga manejan el pa\u00eds y pueden tirar al presidente en dos minutos, as\u00ed como que M\u00e9xico est\u00e1 petrificado ante este problema. \u201cNo estoy de acuerdo y por eso [&hellip;]<\/p>\n","protected":false},"author":35,"featured_media":155676,"comment_status":"open","ping_status":"open","sticky":false,"template":"","format":"standard","meta":{"_monsterinsights_skip_tracking":false,"_monsterinsights_sitenote_active":false,"_monsterinsights_sitenote_note":"","_monsterinsights_sitenote_category":0,"footnotes":""},"categories":[158],"tags":[2801,230,162],"class_list":["post-155671","post","type-post","status-publish","format-standard","has-post-thumbnail","hentry","category-politica","tag-claudia-sheinbaum","tag-donald-trump","tag-portada","wp-image-borders"],"amp_enabled":true,"_links":{"self":[{"href":"https:\/\/nvnoticias.mx\/index.php\/wp-json\/wp\/v2\/posts\/155671","targetHints":{"allow":["GET"]}}],"collection":[{"href":"https:\/\/nvnoticias.mx\/index.php\/wp-json\/wp\/v2\/posts"}],"about":[{"href":"https:\/\/nvnoticias.mx\/index.php\/wp-json\/wp\/v2\/types\/post"}],"author":[{"embeddable":true,"href":"https:\/\/nvnoticias.mx\/index.php\/wp-json\/wp\/v2\/users\/35"}],"replies":[{"embeddable":true,"href":"https:\/\/nvnoticias.mx\/index.php\/wp-json\/wp\/v2\/comments?post=155671"}],"version-history":[{"count":5,"href":"https:\/\/nvnoticias.mx\/index.php\/wp-json\/wp\/v2\/posts\/155671\/revisions"}],"predecessor-version":[{"id":155677,"href":"https:\/\/nvnoticias.mx\/index.php\/wp-json\/wp\/v2\/posts\/155671\/revisions\/155677"}],"wp:featuredmedia":[{"embeddable":true,"href":"https:\/\/nvnoticias.mx\/index.php\/wp-json\/wp\/v2\/media\/155676"}],"wp:attachment":[{"href":"https:\/\/nvnoticias.mx\/index.php\/wp-json\/wp\/v2\/media?parent=155671"}],"wp:term":[{"taxonomy":"category","embeddable":true,"href":"https:\/\/nvnoticias.mx\/index.php\/wp-json\/wp\/v2\/categories?post=155671"},{"taxonomy":"post_tag","embeddable":true,"href":"https:\/\/nvnoticias.mx\/index.php\/wp-json\/wp\/v2\/tags?post=155671"}],"curies":[{"name":"wp","href":"https:\/\/api.w.org\/{rel}","templated":true}]}}