{"id":155611,"date":"2024-07-24T15:25:17","date_gmt":"2024-07-24T21:25:17","guid":{"rendered":"https:\/\/nvnoticias.mx\/?p=155611"},"modified":"2024-07-24T15:25:19","modified_gmt":"2024-07-24T21:25:19","slug":"manana-destapara-sheinbaum-a-un-secretario-mas","status":"publish","type":"post","link":"https:\/\/nvnoticias.mx\/index.php\/2024\/07\/24\/manana-destapara-sheinbaum-a-un-secretario-mas\/","title":{"rendered":"Ma\u00f1ana destapar\u00e1 Sheinbaum a un secretario m\u00e1s"},"content":{"rendered":"\n<p>Desde el pasado 20 de junio del presente a\u00f1o, la presienta electa de M\u00e9xico,<strong>\u00a0Claudia Sheinbaum Pardo\u00a0<\/strong>comenz\u00f3 a anunciar a los\u00a0<strong>secretarios de estado<\/strong>\u00a0que la acompa\u00f1ar\u00e1n a dirigir el pa\u00eds durante el periodo 2024-2030, es decir, a los integrantes de su\u00a0<strong>gabinete presidencial.<\/strong>\u00a0Al momento, la exjefa de Gobierno de la Ciudad de M\u00e9xico ha dado a conocer un total de<strong>\u00a020 nombres\u00a0<\/strong>y, dijo, ser\u00e1 el d\u00eda jueves 25 de julio cuando la cifra llegue a 21.<\/p>\n\n\n\n<p><span style=\"color: rgb(31, 31, 31); font-size: 22px; white-space-collapse: collapse;\">Momentos antes de terminar con su conferencia de prensa llevada a cabo en su casa de transici\u00f3n localizada en la alcald\u00eda Iztapalapa, la militante de Movimiento Regeneraci\u00f3n Nacional (<\/span><span style=\"font-weight: 700; color: rgb(31, 31, 31); font-size: 22px; white-space-collapse: collapse;\">Morena<\/span><span style=\"color: rgb(31, 31, 31); font-size: 22px; white-space-collapse: collapse;\">) insisti\u00f3 que el exsecretario de Seguridad Ciudadana (<\/span><span style=\"font-weight: 700; color: rgb(31, 31, 31); font-size: 22px; white-space-collapse: collapse;\">SSC<\/span><span style=\"color: rgb(31, 31, 31); font-size: 22px; white-space-collapse: collapse;\">),\u00a0<\/span><span style=\"font-weight: 700;\">Omar Garc\u00eda Harfuch<\/span><span style=\"color: rgb(31, 31, 31); font-size: 22px; white-space-collapse: collapse;\">\u00a0se quedaba como pr\u00f3ximo secretario de Seguridad P\u00fablica Ciudadana (SSPC), cargo que actualmente ostenta Rosa Icela Rodr\u00edguez, futura secretaria de Gobernaci\u00f3n.<\/span><\/p>\n\n\n\n<p>Tras ello, la doctora Sheinbaum no soo fue cuestionada sobre la gira que el pr\u00f3ximo fin de semana tendr\u00e1 con el presidente\u00a0<strong>Andr\u00e9s Manuel L\u00f3pez Obrador<\/strong>\u00a0(<strong>AMLO<\/strong>), sino que adem\u00e1s se le pidi\u00f3 un adelanto referente al ya conocido como\u00a0<strong>\u2018jueves de gabinete\u2019<\/strong>.<\/p>\n\n\n\n<p>Debido a que la presidenta electa ha ido poco a poco con el anuncio de los que se convertir\u00e1n en miembros de su gabinete, al tiempo de dejar pendientes a los que conformen el gabinete ampliado, opt\u00f3 por citar a la prensa semanalmente para tales anuncios, los cuales vienen acompa\u00f1ados de los perfiles de cada uno.<\/p>\n\n\n\n<p>La morenista ha anunciado de seis a tres integrantes y solo cuando confirm\u00f3 qui\u00e9n ser\u00e1 el coordinador de la oficina de prensa, le dio foco a\u00a0<strong>L\u00e1zaro C\u00e1rdenas Batel<\/strong>. Ahora, la acci\u00f3n se repite pues solo anunciar\u00e1 un miembro m\u00e1s.<\/p>\n\n\n\n<p>Fuente: <a href=\"https:\/\/www.infobae.com\/mexico\/2024\/07\/24\/gabinete-presidencial-de-claudia-sheinbaum-manana-revelara-un-secretario-mas\/\" data-type=\"link\" data-id=\"https:\/\/www.infobae.com\/mexico\/2024\/07\/24\/gabinete-presidencial-de-claudia-sheinbaum-manana-revelara-un-secretario-mas\/\">Infobae<\/a><\/p>\n","protected":false},"excerpt":{"rendered":"<p>Desde el pasado 20 de junio del presente a\u00f1o, la presienta electa de M\u00e9xico,\u00a0Claudia Sheinbaum Pardo\u00a0comenz\u00f3 a anunciar a los\u00a0secretarios de estado\u00a0que la acompa\u00f1ar\u00e1n a dirigir el pa\u00eds durante el periodo 2024-2030, es decir, a los integrantes de su\u00a0gabinete presidencial.\u00a0Al momento, la exjefa de Gobierno de la Ciudad de M\u00e9xico ha dado a conocer un [&hellip;]<\/p>\n","protected":false},"author":35,"featured_media":155148,"comment_status":"open","ping_status":"open","sticky":false,"template":"","format":"standard","meta":{"_monsterinsights_skip_tracking":false,"_monsterinsights_sitenote_active":false,"_monsterinsights_sitenote_note":"","_monsterinsights_sitenote_category":0,"footnotes":""},"categories":[157],"tags":[2801,30538,25321,9084],"class_list":["post-155611","post","type-post","status-publish","format-standard","has-post-thumbnail","hentry","category-nacional","tag-claudia-sheinbaum","tag-destapara","tag-manana","tag-secretario","wp-image-borders"],"amp_enabled":true,"_links":{"self":[{"href":"https:\/\/nvnoticias.mx\/index.php\/wp-json\/wp\/v2\/posts\/155611","targetHints":{"allow":["GET"]}}],"collection":[{"href":"https:\/\/nvnoticias.mx\/index.php\/wp-json\/wp\/v2\/posts"}],"about":[{"href":"https:\/\/nvnoticias.mx\/index.php\/wp-json\/wp\/v2\/types\/post"}],"author":[{"embeddable":true,"href":"https:\/\/nvnoticias.mx\/index.php\/wp-json\/wp\/v2\/users\/35"}],"replies":[{"embeddable":true,"href":"https:\/\/nvnoticias.mx\/index.php\/wp-json\/wp\/v2\/comments?post=155611"}],"version-history":[{"count":1,"href":"https:\/\/nvnoticias.mx\/index.php\/wp-json\/wp\/v2\/posts\/155611\/revisions"}],"predecessor-version":[{"id":155612,"href":"https:\/\/nvnoticias.mx\/index.php\/wp-json\/wp\/v2\/posts\/155611\/revisions\/155612"}],"wp:featuredmedia":[{"embeddable":true,"href":"https:\/\/nvnoticias.mx\/index.php\/wp-json\/wp\/v2\/media\/155148"}],"wp:attachment":[{"href":"https:\/\/nvnoticias.mx\/index.php\/wp-json\/wp\/v2\/media?parent=155611"}],"wp:term":[{"taxonomy":"category","embeddable":true,"href":"https:\/\/nvnoticias.mx\/index.php\/wp-json\/wp\/v2\/categories?post=155611"},{"taxonomy":"post_tag","embeddable":true,"href":"https:\/\/nvnoticias.mx\/index.php\/wp-json\/wp\/v2\/tags?post=155611"}],"curies":[{"name":"wp","href":"https:\/\/api.w.org\/{rel}","templated":true}]}}