{"id":155606,"date":"2024-07-24T15:08:19","date_gmt":"2024-07-24T21:08:19","guid":{"rendered":"https:\/\/nvnoticias.mx\/?p=155606"},"modified":"2024-07-24T15:08:21","modified_gmt":"2024-07-24T21:08:21","slug":"tribunal-electoral-perfila-declarar-validez-de-eleccion-presidencial","status":"publish","type":"post","link":"https:\/\/nvnoticias.mx\/index.php\/2024\/07\/24\/tribunal-electoral-perfila-declarar-validez-de-eleccion-presidencial\/","title":{"rendered":"Tribunal Electoral perfila declarar validez de elecci\u00f3n presidencial"},"content":{"rendered":"\n<p>A casi dos meses de la elecci\u00f3n federal, el Tribunal Electoral del Poder Judicial de la Federaci\u00f3n (TEPJF) propone validar los comicios por la Presidencia de la Rep\u00fablica en donde se confirmar\u00eda el triunfo de la candidata de la coalici\u00f3n Sigamos Haciendo Historia,<strong>Claudia Sheinbaum&nbsp;<\/strong>Pardo, el pasado domingo 2 de junio.<\/p>\n\n\n\n<p>Se dio a conocer el anteproyecto de los magistrados de la Sala Superior en donde, adem\u00e1s de confirmar el triunfo de la militante del Movimiento de Regeneraci\u00f3n Nacional (Morena), se&nbsp;<strong>descartar\u00eda la intervenci\u00f3n<\/strong>&nbsp;del presidente Andr\u00e9s Manuel L\u00f3pez Obrador (AMLO) o de grupos del crimen organizado.<\/p>\n\n\n\n<p>De acuerdo al proyecto que acumular\u00eda tres juicios contra la jornada electoral, los integrantes del Tribunal Electoral declarar\u00edan improcedente la demanda SUP-JDC-906\/2024 que&nbsp;<strong>buscaba la nulidad de la elecci\u00f3n<\/strong>, debido a que no cumplir\u00eda con las caracter\u00edsticas que marcan la ley en la materia.<\/p>\n\n\n\n<blockquote class=\"wp-block-quote is-layout-flow wp-block-quote-is-layout-flow\">\n<p>\u201cLa pretensi\u00f3n de nulidad de la elecci\u00f3n de Presidenta de los Estados Unidos Mexicanos, es infundada, en los t\u00e9rminos precisados en la parte considerativa de esta sentencia\u201d<\/p>\n<\/blockquote>\n\n\n\n<p>Fuente: <a href=\"https:\/\/www.infobae.com\/mexico\/2024\/07\/24\/tribunal-electoral-confirmaria-triunfo-de-sheinbaum-descartaria-intervencion-de-amlo-y-el-narco\/?outputType=amp-type\" data-type=\"link\" data-id=\"https:\/\/www.infobae.com\/mexico\/2024\/07\/24\/tribunal-electoral-confirmaria-triunfo-de-sheinbaum-descartaria-intervencion-de-amlo-y-el-narco\/?outputType=amp-type\">Infobae<\/a><\/p>\n","protected":false},"excerpt":{"rendered":"<p>A casi dos meses de la elecci\u00f3n federal, el Tribunal Electoral del Poder Judicial de la Federaci\u00f3n (TEPJF) propone validar los comicios por la Presidencia de la Rep\u00fablica en donde se confirmar\u00eda el triunfo de la candidata de la coalici\u00f3n Sigamos Haciendo Historia,Claudia Sheinbaum&nbsp;Pardo, el pasado domingo 2 de junio. Se dio a conocer el [&hellip;]<\/p>\n","protected":false},"author":35,"featured_media":18640,"comment_status":"open","ping_status":"open","sticky":false,"template":"","format":"standard","meta":{"_monsterinsights_skip_tracking":false,"_monsterinsights_sitenote_active":false,"_monsterinsights_sitenote_note":"","_monsterinsights_sitenote_category":0,"footnotes":""},"categories":[158],"tags":[162,283],"class_list":["post-155606","post","type-post","status-publish","format-standard","has-post-thumbnail","hentry","category-politica","tag-portada","tag-tribunal-electoral","wp-image-borders"],"amp_enabled":true,"_links":{"self":[{"href":"https:\/\/nvnoticias.mx\/index.php\/wp-json\/wp\/v2\/posts\/155606","targetHints":{"allow":["GET"]}}],"collection":[{"href":"https:\/\/nvnoticias.mx\/index.php\/wp-json\/wp\/v2\/posts"}],"about":[{"href":"https:\/\/nvnoticias.mx\/index.php\/wp-json\/wp\/v2\/types\/post"}],"author":[{"embeddable":true,"href":"https:\/\/nvnoticias.mx\/index.php\/wp-json\/wp\/v2\/users\/35"}],"replies":[{"embeddable":true,"href":"https:\/\/nvnoticias.mx\/index.php\/wp-json\/wp\/v2\/comments?post=155606"}],"version-history":[{"count":3,"href":"https:\/\/nvnoticias.mx\/index.php\/wp-json\/wp\/v2\/posts\/155606\/revisions"}],"predecessor-version":[{"id":155609,"href":"https:\/\/nvnoticias.mx\/index.php\/wp-json\/wp\/v2\/posts\/155606\/revisions\/155609"}],"wp:featuredmedia":[{"embeddable":true,"href":"https:\/\/nvnoticias.mx\/index.php\/wp-json\/wp\/v2\/media\/18640"}],"wp:attachment":[{"href":"https:\/\/nvnoticias.mx\/index.php\/wp-json\/wp\/v2\/media?parent=155606"}],"wp:term":[{"taxonomy":"category","embeddable":true,"href":"https:\/\/nvnoticias.mx\/index.php\/wp-json\/wp\/v2\/categories?post=155606"},{"taxonomy":"post_tag","embeddable":true,"href":"https:\/\/nvnoticias.mx\/index.php\/wp-json\/wp\/v2\/tags?post=155606"}],"curies":[{"name":"wp","href":"https:\/\/api.w.org\/{rel}","templated":true}]}}