{"id":155497,"date":"2024-07-24T08:06:23","date_gmt":"2024-07-24T14:06:23","guid":{"rendered":"https:\/\/nvnoticias.mx\/?p=155497"},"modified":"2024-07-24T08:06:26","modified_gmt":"2024-07-24T14:06:26","slug":"jufed-responde-a-amlo-por-sabadazos","status":"publish","type":"post","link":"https:\/\/nvnoticias.mx\/index.php\/2024\/07\/24\/jufed-responde-a-amlo-por-sabadazos\/","title":{"rendered":"Jufed responde a AMLO por &#8220;sabadazos&#8221;"},"content":{"rendered":"\n<p>La<strong>\u00a0Jufed<\/strong>\u00a0asegur\u00f3 que la cancelaci\u00f3n de la participaci\u00f3n de su directora nacional, la jueza\u00a0<strong>Juana Fuentes Vel\u00e1zquez,<\/strong>\u00a0en el 6\u00b0 foro de la\u00a0<strong>reforma judicial\u00a0<\/strong>se trata de una contradicci\u00f3n al di\u00e1logo democr\u00e1tico, asismismo acus\u00f3 al presidente\u00a0<strong>Andr\u00e9s Manuel L\u00f3pez Obrador\u00a0<\/strong>de predisponer a la ciudadan\u00eda al exponer a\u00a0<strong>26 jueces<\/strong>\u00a0por presuntos &#8220;<strong>sabadazos<\/strong>&#8221; en los que liberan a personas acusadas de diversos delitos.\u00a0<\/p>\n\n\n\n<p>Por medio de un comunicado la Asociaci\u00f3n Nacional de Magistrados de Circuito y Jueces de Distrito del Poder Judicial de la Federaci\u00f3n (<strong>Jufed<\/strong>) inform\u00f3 que fue cancelada la participaci\u00f3n de su directora.<\/p>\n\n\n\n<p>Resalt\u00f3 que procesar una reforma que puede afectar la divisi\u00f3n de poderes, vulnerar los derechos humanos y desconocer los tratados internacionales, cancelando el di\u00e1logo de los principales actores del sistema de justicia, no puede m\u00e1s que generar sospechas sobre una ruta ya definida hacia la disoluci\u00f3n del Poder Judicial Federal y su papel de contrapeso.<\/p>\n\n\n\n<blockquote class=\"wp-block-quote is-layout-flow wp-block-quote-is-layout-flow\">\n<p>\u201cSi bien se ha aclarado que las acciones emprendidas para acelerar la aprobaci\u00f3n de los dict\u00e1menes de las reformas, no incluir\u00e1 a la judicial, limitar las participaciones de los juzgadores federales conlleva a la duda\u201d, detall\u00f3 la Asociaci\u00f3n en un posicionamiento.<\/p>\n<\/blockquote>\n\n\n\n<p>Destac\u00f3 que en ese mismo sentido se inscriben las aseveraciones del Ejecutivo Federal de este martes en las cuales se se\u00f1ala a 26 jueces federales por liberar personas privadas de la libertad durante los fines de semana.&nbsp;<\/p>\n\n\n\n<p>La Asociaci\u00f3n indic\u00f3 que las afirmaciones que son no solo inexactas, sino tambi\u00e9n parciales y descontextualizadas, y representan un intento claro de deslegitimar la funci\u00f3n judicial y el debido proceso que debe imperar en nuestra sociedad.<\/p>\n\n\n\n<p>Fuente: El <a href=\"https:\/\/www.eluniversal.com.mx\/nacion\/jufed-responde-a-amlo-por-sabadazos-acusan-que-predispone-a-la-ciudadania-y-genera-desconfianza-hacia-los-jueces\/?outputType=amp\" data-type=\"link\" data-id=\"https:\/\/www.eluniversal.com.mx\/nacion\/jufed-responde-a-amlo-por-sabadazos-acusan-que-predispone-a-la-ciudadania-y-genera-desconfianza-hacia-los-jueces\/?outputType=amp\">Universal<\/a> <\/p>\n","protected":false},"excerpt":{"rendered":"<p>La\u00a0Jufed\u00a0asegur\u00f3 que la cancelaci\u00f3n de la participaci\u00f3n de su directora nacional, la jueza\u00a0Juana Fuentes Vel\u00e1zquez,\u00a0en el 6\u00b0 foro de la\u00a0reforma judicial\u00a0se trata de una contradicci\u00f3n al di\u00e1logo democr\u00e1tico, asismismo acus\u00f3 al presidente\u00a0Andr\u00e9s Manuel L\u00f3pez Obrador\u00a0de predisponer a la ciudadan\u00eda al exponer a\u00a026 jueces\u00a0por presuntos &#8220;sabadazos&#8221; en los que liberan a personas acusadas de diversos delitos.\u00a0 [&hellip;]<\/p>\n","protected":false},"author":35,"featured_media":136615,"comment_status":"open","ping_status":"open","sticky":false,"template":"","format":"standard","meta":{"_monsterinsights_skip_tracking":false,"_monsterinsights_sitenote_active":false,"_monsterinsights_sitenote_note":"","_monsterinsights_sitenote_category":0,"footnotes":""},"categories":[158],"tags":[188,30533,30534],"class_list":["post-155497","post","type-post","status-publish","format-standard","has-post-thumbnail","hentry","category-politica","tag-amlo","tag-jufed","tag-sabadazos","wp-image-borders"],"amp_enabled":true,"_links":{"self":[{"href":"https:\/\/nvnoticias.mx\/index.php\/wp-json\/wp\/v2\/posts\/155497","targetHints":{"allow":["GET"]}}],"collection":[{"href":"https:\/\/nvnoticias.mx\/index.php\/wp-json\/wp\/v2\/posts"}],"about":[{"href":"https:\/\/nvnoticias.mx\/index.php\/wp-json\/wp\/v2\/types\/post"}],"author":[{"embeddable":true,"href":"https:\/\/nvnoticias.mx\/index.php\/wp-json\/wp\/v2\/users\/35"}],"replies":[{"embeddable":true,"href":"https:\/\/nvnoticias.mx\/index.php\/wp-json\/wp\/v2\/comments?post=155497"}],"version-history":[{"count":5,"href":"https:\/\/nvnoticias.mx\/index.php\/wp-json\/wp\/v2\/posts\/155497\/revisions"}],"predecessor-version":[{"id":155502,"href":"https:\/\/nvnoticias.mx\/index.php\/wp-json\/wp\/v2\/posts\/155497\/revisions\/155502"}],"wp:featuredmedia":[{"embeddable":true,"href":"https:\/\/nvnoticias.mx\/index.php\/wp-json\/wp\/v2\/media\/136615"}],"wp:attachment":[{"href":"https:\/\/nvnoticias.mx\/index.php\/wp-json\/wp\/v2\/media?parent=155497"}],"wp:term":[{"taxonomy":"category","embeddable":true,"href":"https:\/\/nvnoticias.mx\/index.php\/wp-json\/wp\/v2\/categories?post=155497"},{"taxonomy":"post_tag","embeddable":true,"href":"https:\/\/nvnoticias.mx\/index.php\/wp-json\/wp\/v2\/tags?post=155497"}],"curies":[{"name":"wp","href":"https:\/\/api.w.org\/{rel}","templated":true}]}}