{"id":155459,"date":"2024-07-23T19:37:09","date_gmt":"2024-07-24T01:37:09","guid":{"rendered":"https:\/\/nvnoticias.mx\/?p=155459"},"modified":"2024-07-23T19:37:11","modified_gmt":"2024-07-24T01:37:11","slug":"canelo-alvarez-ya-tiene-rival-y-fecha-para-su-proxima-pelea","status":"publish","type":"post","link":"https:\/\/nvnoticias.mx\/index.php\/2024\/07\/23\/canelo-alvarez-ya-tiene-rival-y-fecha-para-su-proxima-pelea\/","title":{"rendered":"&#8216;Canelo&#8217; \u00c1lvarez ya tiene rival y fecha para su pr\u00f3xima pelea"},"content":{"rendered":"\n<p><\/p>\n\n\n\n<p>El mexicano Sa\u00fal \u00c1lvarez est\u00e1 listo para volver a pelear, luego de varios meses de negociaciones por fin pudo encontrar a un nuevo rival para enfrentarse el pr\u00f3ximo 14 de septiembre, en Las Vegas.<\/p>\n\n\n\n<p>A falta de anuncio oficial, &#8216;Canelo&#8217; se enfrentar\u00e1 al puertorrique\u00f1o Edgar Berlanga en un combate pactado en defensa del t\u00edtulo del\u00a0peso Supermediano.<\/p>\n\n\n\n<p>Berlanga, de 27 a\u00f1os se medir\u00e1 al mexicano con una carrera en la que ha disputado 27 peleas, todas de ellas ganadas, adem\u00e1s de que 17 de ellas las gan\u00f3 por knockout.<\/p>\n\n\n\n<p>La \u00faltima pelea del boricua fue en febrero pasado ante el irland\u00e9s&nbsp;Padraig McCrory, a quien venci\u00f3 por knockout en seis asaltos.<\/p>\n","protected":false},"excerpt":{"rendered":"<p>El mexicano Sa\u00fal \u00c1lvarez est\u00e1 listo para volver a pelear, luego de varios meses de negociaciones por fin pudo encontrar a un nuevo rival para enfrentarse el pr\u00f3ximo 14 de septiembre, en Las Vegas. A falta de anuncio oficial, &#8216;Canelo&#8217; se enfrentar\u00e1 al puertorrique\u00f1o Edgar Berlanga en un combate pactado en defensa del t\u00edtulo del\u00a0peso [&hellip;]<\/p>\n","protected":false},"author":8,"featured_media":117734,"comment_status":"open","ping_status":"open","sticky":false,"template":"","format":"standard","meta":{"_monsterinsights_skip_tracking":false,"_monsterinsights_sitenote_active":false,"_monsterinsights_sitenote_note":"","_monsterinsights_sitenote_category":0,"footnotes":""},"categories":[159],"tags":[459,30528],"class_list":["post-155459","post","type-post","status-publish","format-standard","has-post-thumbnail","hentry","category-deportes","tag-canelo-alvarez","tag-edgar-berlanga","wp-image-borders"],"amp_enabled":true,"_links":{"self":[{"href":"https:\/\/nvnoticias.mx\/index.php\/wp-json\/wp\/v2\/posts\/155459","targetHints":{"allow":["GET"]}}],"collection":[{"href":"https:\/\/nvnoticias.mx\/index.php\/wp-json\/wp\/v2\/posts"}],"about":[{"href":"https:\/\/nvnoticias.mx\/index.php\/wp-json\/wp\/v2\/types\/post"}],"author":[{"embeddable":true,"href":"https:\/\/nvnoticias.mx\/index.php\/wp-json\/wp\/v2\/users\/8"}],"replies":[{"embeddable":true,"href":"https:\/\/nvnoticias.mx\/index.php\/wp-json\/wp\/v2\/comments?post=155459"}],"version-history":[{"count":1,"href":"https:\/\/nvnoticias.mx\/index.php\/wp-json\/wp\/v2\/posts\/155459\/revisions"}],"predecessor-version":[{"id":155460,"href":"https:\/\/nvnoticias.mx\/index.php\/wp-json\/wp\/v2\/posts\/155459\/revisions\/155460"}],"wp:featuredmedia":[{"embeddable":true,"href":"https:\/\/nvnoticias.mx\/index.php\/wp-json\/wp\/v2\/media\/117734"}],"wp:attachment":[{"href":"https:\/\/nvnoticias.mx\/index.php\/wp-json\/wp\/v2\/media?parent=155459"}],"wp:term":[{"taxonomy":"category","embeddable":true,"href":"https:\/\/nvnoticias.mx\/index.php\/wp-json\/wp\/v2\/categories?post=155459"},{"taxonomy":"post_tag","embeddable":true,"href":"https:\/\/nvnoticias.mx\/index.php\/wp-json\/wp\/v2\/tags?post=155459"}],"curies":[{"name":"wp","href":"https:\/\/api.w.org\/{rel}","templated":true}]}}