{"id":155330,"date":"2024-07-23T07:47:27","date_gmt":"2024-07-23T13:47:27","guid":{"rendered":"https:\/\/nvnoticias.mx\/?p=155330"},"modified":"2024-07-23T07:47:28","modified_gmt":"2024-07-23T13:47:28","slug":"exige-marko-cortes-a-sheinbaum-comprometerse-a-que-programas-no-se-usen-con-fines-electorales","status":"publish","type":"post","link":"https:\/\/nvnoticias.mx\/index.php\/2024\/07\/23\/exige-marko-cortes-a-sheinbaum-comprometerse-a-que-programas-no-se-usen-con-fines-electorales\/","title":{"rendered":"Exige Marko Cort\u00e9s a Sheinbaum comprometerse a que programas \u201cno se usen con fines electorales\u201d"},"content":{"rendered":"\n<p>El dirigente nacional del PAN,\u00a0<strong>Marko Cort\u00e9s<\/strong>\u00a0Mendoza, pidi\u00f3 a la virtual presidenta electa,\u00a0<strong>Claudia Sheinbaum<\/strong>, comprometerse para que en adelante, los programas sociales no vuelvan a utilizarse con fines electorales, como ocurri\u00f3 en el\u00a0<strong>proceso 2024.<\/strong><\/p>\n\n\n\n<p>En su cuenta de X, el l\u00edder albiazul solicit\u00f3 hacerlo en lugar de opinar sobre los asuntos electorales de otros pa\u00edses, como lo es el proceso electoral en Estados Unidos.<\/p>\n\n\n\n<blockquote class=\"wp-block-quote is-layout-flow wp-block-quote-is-layout-flow\">\n<p>\u201cSra. @Claudiashein, antes de pretender decir que deben o no deben decir los candidatos a presidente de los EUA, deber\u00eda comenzar por comprometerse a no volver a permitir que en M\u00e9xico se usen los programas sociales con fines electorales, ni que intervenga el crimen organizado en las elecciones\u201d, escribi\u00f3 en la red social.<\/p>\n<\/blockquote>\n\n\n\n<p>Fuente: El <a href=\"https:\/\/www.eluniversal.com.mx\/nacion\/marko-cortes-exige-a-sheinbaum-comprometerse-a-que-programas-no-se-usen-con-fines-electorales\/?outputType=amp\" data-type=\"link\" data-id=\"https:\/\/www.eluniversal.com.mx\/nacion\/marko-cortes-exige-a-sheinbaum-comprometerse-a-que-programas-no-se-usen-con-fines-electorales\/?outputType=amp\">Universal<\/a> <\/p>\n","protected":false},"excerpt":{"rendered":"<p>El dirigente nacional del PAN,\u00a0Marko Cort\u00e9s\u00a0Mendoza, pidi\u00f3 a la virtual presidenta electa,\u00a0Claudia Sheinbaum, comprometerse para que en adelante, los programas sociales no vuelvan a utilizarse con fines electorales, como ocurri\u00f3 en el\u00a0proceso 2024. En su cuenta de X, el l\u00edder albiazul solicit\u00f3 hacerlo en lugar de opinar sobre los asuntos electorales de otros pa\u00edses, como [&hellip;]<\/p>\n","protected":false},"author":35,"featured_media":6103,"comment_status":"open","ping_status":"open","sticky":false,"template":"","format":"standard","meta":{"_monsterinsights_skip_tracking":false,"_monsterinsights_sitenote_active":false,"_monsterinsights_sitenote_note":"","_monsterinsights_sitenote_category":0,"footnotes":""},"categories":[158],"tags":[2801,597],"class_list":["post-155330","post","type-post","status-publish","format-standard","has-post-thumbnail","hentry","category-politica","tag-claudia-sheinbaum","tag-marko-cortes","wp-image-borders"],"amp_enabled":true,"_links":{"self":[{"href":"https:\/\/nvnoticias.mx\/index.php\/wp-json\/wp\/v2\/posts\/155330","targetHints":{"allow":["GET"]}}],"collection":[{"href":"https:\/\/nvnoticias.mx\/index.php\/wp-json\/wp\/v2\/posts"}],"about":[{"href":"https:\/\/nvnoticias.mx\/index.php\/wp-json\/wp\/v2\/types\/post"}],"author":[{"embeddable":true,"href":"https:\/\/nvnoticias.mx\/index.php\/wp-json\/wp\/v2\/users\/35"}],"replies":[{"embeddable":true,"href":"https:\/\/nvnoticias.mx\/index.php\/wp-json\/wp\/v2\/comments?post=155330"}],"version-history":[{"count":4,"href":"https:\/\/nvnoticias.mx\/index.php\/wp-json\/wp\/v2\/posts\/155330\/revisions"}],"predecessor-version":[{"id":155334,"href":"https:\/\/nvnoticias.mx\/index.php\/wp-json\/wp\/v2\/posts\/155330\/revisions\/155334"}],"wp:featuredmedia":[{"embeddable":true,"href":"https:\/\/nvnoticias.mx\/index.php\/wp-json\/wp\/v2\/media\/6103"}],"wp:attachment":[{"href":"https:\/\/nvnoticias.mx\/index.php\/wp-json\/wp\/v2\/media?parent=155330"}],"wp:term":[{"taxonomy":"category","embeddable":true,"href":"https:\/\/nvnoticias.mx\/index.php\/wp-json\/wp\/v2\/categories?post=155330"},{"taxonomy":"post_tag","embeddable":true,"href":"https:\/\/nvnoticias.mx\/index.php\/wp-json\/wp\/v2\/tags?post=155330"}],"curies":[{"name":"wp","href":"https:\/\/api.w.org\/{rel}","templated":true}]}}